{"id":18,"date":"2013-01-20T20:33:39","date_gmt":"2013-01-20T20:33:39","guid":{"rendered":"http:\/\/www.xn--edebiyatgretmeni-twb.net\/edebi\/?p=18"},"modified":"2013-01-29T01:12:12","modified_gmt":"2013-01-29T01:12:12","slug":"9_turk_edebiyati_1-donem_1-yazili_sorusu","status":"publish","type":"post","link":"https:\/\/www.xn--edebiyatgretmeni-twb.net\/edebi\/9_turk_edebiyati_1-donem_1-yazili_sorusu.htm","title":{"rendered":"9. S\u0131n\u0131f T\u00fcrk Edebiyat\u0131 1. D\u00f6nem Yaz\u0131l\u0131 Sorusu ve Cevaplar\u0131 &#8211; Fatih Topalo\u011flu"},"content":{"rendered":"<p style=\"text-align: justify;\"><span style=\"color: #ff0000;\"><strong>A\u015fa\u011f\u0131da dosyan\u0131n bir k\u0131sm\u0131 verilmi\u015ftir.<\/strong><\/span><\/p>\n<p style=\"text-align: justify;\">1.\u00a0\u00a0\u00a0\u00a0 G\u00fczel sanatlar\u0131 grupland\u0131rarak edebiyat\u0131n g\u00fczel sanatlar i\u00e7erisindeki yerini belirleyiniz.<\/p>\n<p style=\"text-align: justify;\">2.\u00a0\u00a0\u00a0\u00a0 G\u00fczel sanatlar\u0131n insan ya\u015fam\u0131nda ne gibi bir \u00f6nemi vard\u0131r? G\u00fczel sanatlar olmasayd\u0131 hayat\u0131m\u0131z nas\u0131l olurdu? Bu sanatlardan \u00f6rnekler vererek a\u00e7\u0131klay\u0131n\u0131z.<\/p>\n<p style=\"text-align: justify;\">3.\u00a0\u00a0 \u00a0Dil olmadan bir toplum, millet olabilir mi? Neden? K\u0131saca a\u00e7\u0131klay\u0131n\u0131z.<\/p>\n<p style=\"text-align: justify;\">\u201c\u00c7anakkale Sava\u015f\u0131 T\u00fcrk tarihinin d\u00f6n\u00fcm noktalar\u0131ndan bir tanesidir. Bu zaferle \u00fclke d\u00fc\u015fmandan tamamen temizlenmi\u015ftir. D\u00fc\u015fman gemilerinin bo\u011fazdan ge\u00e7i\u015fleri b\u00fcy\u00fck oranda engellenmi\u015f, karaya \u00e7\u0131kanlarla da g\u00f6\u011f\u00fcs g\u00f6\u011fse bir m\u00fccadele \u00f6rne\u011fi ortaya konmu\u015ftur. Bu sava\u015f sonucunda tam bir insan k\u0131y\u0131m\u0131 ya\u015fanm\u0131\u015ft\u0131r: be\u015f y\u00fcz bin \u00f6l\u00fc\u2026\u201d<\/p>\n<p style=\"text-align: justify;\"><strong>\u00a0\u00c7anakkale \u015eehitlerine\u00a0\u00a0\u00a0\u00a0\u00a0\u00a0\u00a0\u00a0<\/strong><\/p>\n<p style=\"text-align: justify;\">\u015eu Bo\u011faz harbi nedir? Var m\u0131 ki d\u00fcnyada e\u015fi?<br \/>\nEn kesif ordular\u0131n y\u00fckleniyor d\u00f6rd\u00fc be\u015fi.<br \/>\n\u2014Tepeden yol bularak ge\u00e7mek i\u00e7in Marmara\u2019ya-<br \/>\nKa\u00e7 donanmayla sar\u0131lm\u0131\u015f ufac\u0131k bir karaya.<br \/>\nNe hay\u00e2s\u0131zca teha\u015f\u015f\u00fcd ki ufuklar kapal\u0131!<br \/>\nNerde g\u00f6sterdi\u011fi vah\u015fetle bu: bir Avrupal\u0131<\/p>\n<p style=\"text-align: justify;\">\u00a0\u00a0\u00a0\u00a0\u00a0\u00a0\u00a0\u00a0\u00a0\u00a0\u00a0\u00a0\u00a0\u00a0\u00a0\u00a0\u00a0\u00a0 \u2026\u00a0\u00a0\u00a0\u00a0\u00a0\u00a0\u00a0\u00a0\u00a0 <a href=\"http:\/\/www.xn--edebiyatgretmeni-twb.net\/mehmet_akif_ersoy.htm\"><strong>Mehmet Akif ERSOY<\/strong><\/a><\/p>\n<p style=\"text-align: justify;\">4.\u00a0\u00a0 Yukar\u0131daki iki metinde de \u00c7anakkale Sava\u015f\u0131\u2019ndan bahsedilmektedir. Ayn\u0131 ger\u00e7eklik neden bu \u015fekilde farkl\u0131<\/p>\n<p style=\"text-align: justify;\">anlat\u0131lm\u0131\u015ft\u0131r?<\/p>\n<h1 style=\"text-align: justify;\"><a href=\"http:\/\/www.xn--edebiyatgretmeni-twb.net\/edebi\/9_turk_edebiyati_1.donem_1.yazili_sorusu.doc\"><span style=\"color: #ff0000;\"><strong>Yukar\u0131daki yaz\u0131l\u0131 sorusunun tamam\u0131n\u0131 indir.<\/strong><\/span><\/a><\/h1>\n<p>&nbsp;<\/p>\n<h1 style=\"text-align: justify;\"><strong><span style=\"color: #ff0000;\">Yukar\u0131daki yaz\u0131l\u0131 sorusunun cevaplar\u0131n\u0131 indir.<\/span><\/strong><\/h1>\n<p>&nbsp;<\/p>\n<p>&nbsp;<\/p>\n<p style=\"text-align: right;\"><span style=\"color: #ff0000;\"><strong>Fatih Topalo\u011flu<\/strong><\/span><\/p>\n","protected":false},"excerpt":{"rendered":"<p>A\u015fa\u011f\u0131da dosyan\u0131n bir k\u0131sm\u0131 verilmi\u015ftir. 1.\u00a0\u00a0\u00a0\u00a0 G\u00fczel sanatlar\u0131 grupland\u0131rarak edebiyat\u0131n g\u00fczel sanatlar i\u00e7erisindeki yerini belirleyiniz. 2.\u00a0\u00a0\u00a0\u00a0 G\u00fczel sanatlar\u0131n insan ya\u015fam\u0131nda ne gibi bir \u00f6nemi vard\u0131r? [&#8230;]<\/p>\n","protected":false},"author":2,"featured_media":0,"comment_status":"open","ping_status":"open","sticky":false,"template":"","format":"standard","meta":{"footnotes":""},"categories":[14],"tags":[],"class_list":["post-18","post","type-post","status-publish","format-standard","hentry","category-lise-yazili"],"_links":{"self":[{"href":"https:\/\/www.xn--edebiyatgretmeni-twb.net\/edebi\/wp-json\/wp\/v2\/posts\/18","targetHints":{"allow":["GET"]}}],"collection":[{"href":"https:\/\/www.xn--edebiyatgretmeni-twb.net\/edebi\/wp-json\/wp\/v2\/posts"}],"about":[{"href":"https:\/\/www.xn--edebiyatgretmeni-twb.net\/edebi\/wp-json\/wp\/v2\/types\/post"}],"author":[{"embeddable":true,"href":"https:\/\/www.xn--edebiyatgretmeni-twb.net\/edebi\/wp-json\/wp\/v2\/users\/2"}],"replies":[{"embeddable":true,"href":"https:\/\/www.xn--edebiyatgretmeni-twb.net\/edebi\/wp-json\/wp\/v2\/comments?post=18"}],"version-history":[{"count":0,"href":"https:\/\/www.xn--edebiyatgretmeni-twb.net\/edebi\/wp-json\/wp\/v2\/posts\/18\/revisions"}],"wp:attachment":[{"href":"https:\/\/www.xn--edebiyatgretmeni-twb.net\/edebi\/wp-json\/wp\/v2\/media?parent=18"}],"wp:term":[{"taxonomy":"category","embeddable":true,"href":"https:\/\/www.xn--edebiyatgretmeni-twb.net\/edebi\/wp-json\/wp\/v2\/categories?post=18"},{"taxonomy":"post_tag","embeddable":true,"href":"https:\/\/www.xn--edebiyatgretmeni-twb.net\/edebi\/wp-json\/wp\/v2\/tags?post=18"}],"curies":[{"name":"wp","href":"https:\/\/api.w.org\/{rel}","templated":true}]}}