{"id":198,"date":"2013-01-25T20:39:20","date_gmt":"2013-01-25T20:39:20","guid":{"rendered":"http:\/\/www.xn--edebiyatgretmeni-twb.net\/edebi\/?p=198"},"modified":"2013-01-28T01:28:45","modified_gmt":"2013-01-28T01:28:45","slug":"12turk_edebiyati_2-donem2-yazilin","status":"publish","type":"post","link":"https:\/\/www.xn--edebiyatgretmeni-twb.net\/edebi\/12turk_edebiyati_2-donem2-yazilin.htm","title":{"rendered":"12. S\u0131n\u0131f T\u00fcrk Edebiyat\u0131 2. D\u00f6nem Yaz\u0131l\u0131 Sorusu ve Cevaplar\u0131 &#8211; Nimet \u00c7\u0130\u00c7EK\u00c7\u0130O\u011eLU"},"content":{"rendered":"<p style=\"text-align: justify;\"><span style=\"color: #ff0000;\"><strong>A\u015fa\u011f\u0131da dosyan\u0131n bir k\u0131sm\u0131 verilmi\u015ftir.<\/strong><\/span><\/p>\n<p style=\"text-align: justify;\"><strong><span style=\"color: #ff0000;\">SORULAR<\/span><\/strong><\/p>\n<p style=\"text-align: justify;\">\u00a0 \u00a0 Uyand\u0131m bakt\u0131m ki sabah<\/p>\n<p style=\"text-align: justify;\">\u00a0\u00a0\u00a0 G\u00fcne\u015f vurmu\u015f i\u00e7ime<\/p>\n<p style=\"text-align: justify;\">\u00a0\u00a0\u00a0 Ku\u015flara yapraklara d\u00f6nm\u00fc\u015f\u00fcm<\/p>\n<p style=\"text-align: justify;\">\u00a0\u00a0\u00a0 P\u0131r p\u0131r eder durur, bahar r\u00fczgar\u0131nda.<\/p>\n<p style=\"text-align: justify;\">\u00a0\u00a0\u00a0\u00a0\u00a0\u00a0\u00a0\u00a0\u00a0\u00a0\u00a0\u00a0\u00a0\u00a0\u00a0\u00a0\u00a0\u00a0\u00a0\u00a0\u00a0\u00a0\u00a0\u00a0\u00a0\u00a0\u00a0\u00a0\u00a0\u00a0\u00a0\u00a0\u00a0\u00a0 \u00a0\u00a0\u00a0\u00a0\u00a0\u00a0\u00a0\u00a0\u00a0\u00a0\u00a0\u00a0\u00a0\u00a0<a href=\"http:\/\/www.xn--edebiyatgretmeni-twb.net\/orhan_veli_kanik.htm\"><strong>ORHAN VEL\u0130<\/strong><\/a><\/p>\n<p style=\"text-align: justify;\"><span style=\"color: #ff0000;\"><strong>1-Bu dizelerden yola \u00e7\u0131karak Garip Ak\u0131m\u0131\u2019n\u0131n \u015fiir dili hakk\u0131nda \u00e7\u0131kar\u0131mlarda bulunuz.<\/strong><\/span><\/p>\n<p style=\"text-align: justify;\"><span style=\"color: #ff0000;\"><strong>2- S\u00fcrrealizm ak\u0131m\u0131 insanla ilgili neleri anlatmay\u0131 ama\u00e7lam\u0131\u015ft\u0131r?<\/strong><\/span><\/p>\n<p style=\"text-align: justify;\">\u00a03-\u201c Tokat\u2019ta do\u011fmu\u015ftur. \u0130lkokulu Niksar\u2019da, liseyi Sivas\u2019ta bitirmi\u015ftir. Halk \u015fiirinden ve t\u00fcrk\u00fclerden yaralanm\u0131\u015ft\u0131r. Konu olarak yurt ve insan sevgisini i\u015flemi\u015ftir. Sivas Yollar\u0131nda, Tokat\u2019a Do\u011fru gibi \u015fiirlerinde \u00e7ocuklu\u011funun ve gen\u00e7lik y\u0131llar\u0131n\u0131n ge\u00e7ti\u011fi y\u00f6relerden izlenimlerini yans\u0131tm\u0131\u015ft\u0131r.\u201d<\/p>\n<p style=\"text-align: justify;\"><strong><span style=\"color: #ff0000;\">Par\u00e7ada s\u00f6z\u00fc edilen \u015fairimizin ismini yaz\u0131n\u0131z.\u00a0 \u2026\u2026\u2026\u2026\u2026\u2026\u2026\u2026\u2026\u2026\u2026\u2026\u2026\u2026\u2026\u2026\u2026\u2026\u2026\u2026\u2026\u2026\u2026\u2026..<\/span><\/strong><\/p>\n<p style=\"text-align: justify;\">\u00a0\u00a04-\u00a0\u00a0\u00a0\u00a0 \u00dcRPERT\u0130<br \/>\nSisini kendi yaratan gemi \u00a0\u00a0\u00a0\u00a0\u00a0\u00a0\u00a0\u00a0\u00a0\u00a0\u00a0\u00a0\u00a0\u00a0\u00a0\u00a0\u00a0\u00a0\u00a0\u00a0\u00a0\u00a0\u00a0\u00a0\u00a0\u00a0\u00a0\u00a0\u00a0\u00a0\u00a0\u00a0\u00a0\u00a0\u00a0\u00a0<strong><span style=\"color: #ff0000;\">\u00a0\u00a0\u00a0\u00a0\u00a0\u00a0\u00a0\u00a0Yandaki \u015fiirin size \u00e7a\u011fr\u0131\u015ft\u0131rd\u0131klar\u0131n\u0131 yaz\u0131n\u0131z.<\/span><\/strong><br \/>\nKay\u0131p gidiyor ayaklar\u0131m\u0131n alt\u0131ndan<br \/>\n\u00c7\u0131rp\u0131yor kanatlar\u0131n\u0131 z\u0131pk\u0131n ku\u015fu<br \/>\nSisin i\u00e7inde<br \/>\nDenizde zaman yok.<\/p>\n<p style=\"text-align: justify;\">\u00a0\u00a0\u00a0\u00a0\u00a0\u00a0\u00a0\u00a0\u00a0\u00a0\u00a0\u00a0\u00a0\u00a0\u00a0\u00a0\u00a0\u00a0\u00a0\u00a0\u00a0\u00a0\u00a0\u00a0\u00a0\u00a0\u00a0\u00a0 \u00a0\u00a0<a href=\"http:\/\/www.xn--edebiyatgretmeni-twb.net\/edip_cansever.htm\">Edip CANSEVER<\/a><\/p>\n<p style=\"text-align: justify;\"><span style=\"color: #ff0000;\"><strong>CEVAPLAR<\/strong><\/span><\/p>\n<p style=\"text-align: justify;\" align=\"center\">1-<a href=\"http:\/\/www.xn--edebiyatgretmeni-twb.net\/edebiyat\/garip_akimi.htm\">Garip Ak\u0131m\u0131<\/a>\u2019n\u0131n amac\u0131 <a href=\"http:\/\/www.xn--edebiyatgretmeni-twb.net\/gunluk_turunun_turk_ve_dunya_edebiyatindaki_gelisimi.htm\">g\u00fcnl\u00fck<\/a> konu\u015fma dilini yaz\u0131 dili haline getirmek yani soka\u011f\u0131n dilini edebiyata yans\u0131tmakt\u0131r.<\/p>\n<p style=\"text-align: justify;\">2-S\u00fcrrealizm ak\u0131m\u0131 insan\u0131n \u201cbilin\u00e7alt\u0131\u201d d\u00fcnyas\u0131n\u0131 yans\u0131tmay\u0131 ama\u00e7lam\u0131\u015ft\u0131r. \u00c7\u00fcnk\u00fc s\u00fcrrealistlere g\u00f6re insan\u0131n ger\u00e7ek i\u00e7 y\u00fcz\u00fc bilin\u00e7alt\u0131nda gizlidir.<\/p>\n<p style=\"text-align: justify;\">3- <a href=\"http:\/\/www.xn--edebiyatgretmeni-twb.net\/cahit_kulebi.htm\">Cahit K\u00fclebi<\/a><\/p>\n<p style=\"text-align: justify;\">4&#8211;\u00a0\u00a0\u00a0\u00a0 \u00dcRPERT\u0130<br \/>\nSisini kendi yaratan gemi \u00a0 \u00a0 \u00a0 \u00a0 \u00a0 \u00a0 \u00a0 \u00a0 \u00a0 \u00a0 \u00a0 \u00a0 \u00a0 \u00a0 \u00a0 \u00a0 \u00a0 \u00a0 \u00a0 \u00a0 \u00a0 \u00a0 \u00a0 \u00a0 \u00a0 \u00a0 \u00a0 Gemi insansa e\u011fer , sis de insan\u0131n kendine koydu\u011fu ya da insana<br \/>\nKay\u0131p gidiyor ayaklar\u0131m\u0131n alt\u0131ndan \u00a0 \u00a0 \u00a0 \u00a0 \u00a0 \u00a0 \u00a0 \u00a0 \u00a0 \u00a0 \u00a0 \u00a0 \u00a0 \u00a0 \u00a0 \u00a0 \u00a0 ba\u015fkalar\u0131 taraf\u0131ndan konulan engellerdir.Hayat ak\u0131p giderken<br \/>\n\u00c7\u0131rp\u0131yor kanatlar\u0131n\u0131 z\u0131pk\u0131n ku\u015fu \u00a0 \u00a0 \u00a0 \u00a0 \u00a0 \u00a0 \u00a0 \u00a0 \u00a0 \u00a0 \u00a0 \u00a0 \u00a0 \u00a0 \u00a0 \u00a0 \u00a0 \u00a0 \u00a0 \u00a0 \u00a0 hayat\u0131n d\u0131\u015f\u0131nda kalman\u0131n eksikli\u011fini, bunal\u0131m\u0131n\u0131 ya\u015f\u0131yor \u015fair.<br \/>\nSisin i\u00e7inde \u00a0 \u00a0 \u00a0 \u00a0 \u00a0 \u00a0 \u00a0 \u00a0 \u00a0 \u00a0 \u00a0 \u00a0 \u00a0 \u00a0 \u00a0 \u00a0 \u00a0 \u00a0 \u00a0 \u00a0 \u00a0 \u00a0 \u00a0 \u00a0 \u00a0 \u00a0 \u00a0 \u00a0 \u00a0 \u00a0 \u00a0 \u00a0 \u00a0 \u00a0 \u00a0 \u00a0 \u00a0 \u00a0 \u00a0 \u00a0 \u00a0 \u00a0Ku\u015f yine \u015fairin kendisi.Zorluklar\u0131n i\u00e7inde \u00e7\u0131rp\u0131n\u0131yor ama kendi..<br \/>\nDenizde zaman yok. \u00a0 \u00a0 \u00a0 \u00a0 \u00a0 \u00a0 \u00a0 \u00a0 \u00a0 \u00a0 \u00a0 \u00a0 \u00a0 \u00a0 \u00a0 \u00a0 \u00a0 \u00a0 \u00a0 \u00a0 \u00a0 \u00a0 \u00a0 \u00a0 \u00a0 \u00a0 \u00a0 \u00a0 \u00a0 \u00a0 \u00a0 \u00a0 \u00a0 kimli\u011fini ya\u015fayaca\u011f\u0131 zaman de\u011fil i\u00e7inde ya\u015fad\u0131\u011f\u0131 zaman.<\/p>\n<p style=\"text-align: justify;\">\u00a0\u00a0\u00a0\u00a0\u00a0\u00a0\u00a0\u00a0\u00a0\u00a0\u00a0\u00a0\u00a0\u00a0\u00a0\u00a0\u00a0\u00a0\u00a0\u00a0\u00a0\u00a0\u00a0\u00a0\u00a0\u00a0\u00a0\u00a0\u00a0\u00a0 Edip CANSEVER<\/p>\n<p>&nbsp;<\/p>\n<p><strong>YUKARIDAK\u0130 YAZILI SORU VE CEVAPLARIN TAMAMINI A\u015eA\u011eIDAK\u0130 BA\u011eLANTIYI TIKLAYARAK \u0130ND\u0130REB\u0130L\u0130RS\u0130N\u0130Z.<\/strong><\/p>\n<h2><span style=\"color: #ff0000;\"><strong><a href=\"http:\/\/www.xn--edebiyatgretmeni-twb.net\/edebi\/12turk_edebiyati_2.donem2.yazilin.zip\"><span style=\"color: #ff0000;\">12. S\u0131n\u0131f T\u00fcrk Edebiyat\u0131 2. D\u00f6nem 2. Yaz\u0131l\u0131 Sorusu ve Cevap Anahtar\u0131<\/span><\/a><\/strong><\/span><\/h2>\n<p style=\"text-align: right;\"><span style=\"color: #ff0000;\"><strong>Nimet \u00c7\u0130\u00c7EK\u00c7\u0130O\u011eLU<\/strong><\/span><\/p>\n<p style=\"text-align: right;\"><strong><span style=\"color: #ff0000;\"><a href=\"http:\/\/www.xn--edebiyatgretmeni-twb.net\/sinav_sorulari_2.htm\" target=\"_self\"><span style=\"color: #ff0000;\">Yaz\u0131l\u0131 Sorular\u0131<\/span><\/a><small>\u00a0\u00a0\u00a0<\/small><\/span>Sayfas\u0131na\u00a0D\u00f6n<\/strong><\/p>\n","protected":false},"excerpt":{"rendered":"<p>A\u015fa\u011f\u0131da dosyan\u0131n bir k\u0131sm\u0131 verilmi\u015ftir. SORULAR \u00a0 \u00a0 Uyand\u0131m bakt\u0131m ki sabah \u00a0\u00a0\u00a0 G\u00fcne\u015f vurmu\u015f i\u00e7ime \u00a0\u00a0\u00a0 Ku\u015flara yapraklara d\u00f6nm\u00fc\u015f\u00fcm \u00a0\u00a0\u00a0 P\u0131r p\u0131r eder durur, [&#8230;]<\/p>\n","protected":false},"author":2,"featured_media":0,"comment_status":"open","ping_status":"open","sticky":false,"template":"","format":"standard","meta":{"footnotes":""},"categories":[14],"tags":[],"class_list":["post-198","post","type-post","status-publish","format-standard","hentry","category-lise-yazili"],"_links":{"self":[{"href":"https:\/\/www.xn--edebiyatgretmeni-twb.net\/edebi\/wp-json\/wp\/v2\/posts\/198","targetHints":{"allow":["GET"]}}],"collection":[{"href":"https:\/\/www.xn--edebiyatgretmeni-twb.net\/edebi\/wp-json\/wp\/v2\/posts"}],"about":[{"href":"https:\/\/www.xn--edebiyatgretmeni-twb.net\/edebi\/wp-json\/wp\/v2\/types\/post"}],"author":[{"embeddable":true,"href":"https:\/\/www.xn--edebiyatgretmeni-twb.net\/edebi\/wp-json\/wp\/v2\/users\/2"}],"replies":[{"embeddable":true,"href":"https:\/\/www.xn--edebiyatgretmeni-twb.net\/edebi\/wp-json\/wp\/v2\/comments?post=198"}],"version-history":[{"count":0,"href":"https:\/\/www.xn--edebiyatgretmeni-twb.net\/edebi\/wp-json\/wp\/v2\/posts\/198\/revisions"}],"wp:attachment":[{"href":"https:\/\/www.xn--edebiyatgretmeni-twb.net\/edebi\/wp-json\/wp\/v2\/media?parent=198"}],"wp:term":[{"taxonomy":"category","embeddable":true,"href":"https:\/\/www.xn--edebiyatgretmeni-twb.net\/edebi\/wp-json\/wp\/v2\/categories?post=198"},{"taxonomy":"post_tag","embeddable":true,"href":"https:\/\/www.xn--edebiyatgretmeni-twb.net\/edebi\/wp-json\/wp\/v2\/tags?post=198"}],"curies":[{"name":"wp","href":"https:\/\/api.w.org\/{rel}","templated":true}]}}