{"id":122,"date":"2013-02-25T02:06:00","date_gmt":"2013-02-25T00:06:00","guid":{"rendered":"http:\/\/www.xn--edebiyatgretmeni-twb.net\/edebiyat\/?p=122"},"modified":"2014-04-16T01:02:22","modified_gmt":"2014-04-15T22:02:22","slug":"yedi_mesaleciler","status":"publish","type":"post","link":"https:\/\/www.xn--edebiyatgretmeni-twb.net\/edebiyat\/yedi_mesaleciler.htm","title":{"rendered":"Yedi Me\u015faleciler"},"content":{"rendered":"<p><strong style=\"color: #ff0000;\">Temsilcileri:<\/strong><\/p>\n<ul>\n<li>&#8211;\u00a0<a href=\"http:\/\/xn--edebiyatgretmeni-twb.net\/sabri_esat_siyavusgil.htm\">Sabri Esat Siyavu\u015fgil<\/a><\/li>\n<li>&#8211;\u00a0<a href=\"http:\/\/xn--edebiyatgretmeni-twb.net\/ziya_osman_saba.htm\">Ziya Osman Saba<\/a><\/li>\n<li>&#8211;\u00a0<a href=\"http:\/\/xn--edebiyatgretmeni-twb.net\/yasar_nabi_nayir.htm\">Ya\u015far Nabi Nay\u0131r<\/a><\/li>\n<li>&#8211;\u00a0Muammer L\u00fctf\u00fc<\/li>\n<li>&#8211;\u00a0Vasfi Mahir Kocat\u00fcrk<\/li>\n<li>&#8211;\u00a0Cevdet Kudret<\/li>\n<li>&#8211;\u00a0Kenan Hulisi Koray<\/li>\n<\/ul>\n<p>*\u00a0<a href=\"http:\/\/www.xn--edebiyatgretmeni-twb.net\/milli_edebiyat.htm\">Milli edebiyat \u015fairleri<\/a>nin, \u00f6zellikle de Be\u015f Hececilerin ger\u00e7ek\u00e7ilik ve i\u00e7tencilikten uzak\u00a0<a href=\"http:\/\/www.xn--edebiyatgretmeni-twb.net\/siirler.htm\">\u015fiir<\/a>ine tepki olarak, \u015fiirde i\u00e7tenli\u011fi savunan yedi gen\u00e7 \u015fairin olu\u015fturdu\u011fu toplulu\u011fa \u201cYedi Me\u015faleciler\u201d denir.<br \/>\n* Canl\u0131l\u0131k, samimiyet ve daima yenilik\u2026 gibi ilkelerle yola \u00e7\u0131kt\u0131lar.<br \/>\n* 1928 y\u0131l\u0131nda \u00e7\u0131kard\u0131klar\u0131 Yedi Me\u015fale dergisinde\u00a0<a href=\"http:\/\/www.xn--edebiyatgretmeni-twb.net\/siirler.htm\">\u015fiirler<\/a>ini ve \u015fiir \u00fcst\u00fcne d\u00fc\u015f\u00fcncelerini yay\u0131mlam\u0131\u015flard\u0131r.<br \/>\n* Hece \u00f6l\u00e7\u00fcs\u00fcn\u00fc kulland\u0131lar.<br \/>\n*\u00a0<a href=\"http:\/\/xn--edebiyatgretmeni-twb.net\/bati_edebiyati_ve_edebi_akimlar.htm\">Bat\u0131 edebiyat\u0131<\/a>n\u0131 \u00f6zellikle\u00a0<a href=\"http:\/\/xn--edebiyatgretmeni-twb.net\/bati_edebiyati_ve_edebi_akimlar.htm\">Frans\u0131z edebiyat\u0131<\/a>n\u0131 kendilerine \u00f6rnek al\u0131p izleyeceklerini s\u00f6ylemelerine ra\u011fmen Be\u015f Hececilerin izinden gitmi\u015flerdir.<br \/>\n* Frans\u0131z\u00a0sembolistlerden etkilendiler.<\/p>\n<p align=\"left\"><strong><span style=\"color: #ff0000;\">Yukar\u0131daki Bilgiler Yeterli Gelmedi mi Hi\u00e7 Sorun De\u011fil, A\u015fa\u011f\u0131daki Dosyam\u0131za Bak\u0131n :))<\/span><\/strong><\/p>\n<ul>\n<li><img loading=\"lazy\" decoding=\"async\" alt=\"\" src=\"http:\/\/www.xn--edebiyatgretmeni-twb.net\/indir.bmp\" width=\"28\" height=\"13\" border=\"0\" \/><a href=\"http:\/\/www.xn--edebiyatgretmeni-twb.net\/edebi\/yedimesalecilervebeshececiler.htm\">Yedi Me\u015faleciler ve Be\u015f Hececiler &#8211; Tablo Halinde<\/a>\u00a0(\u00d6zkan MET\u0130N)<\/li>\n<li><img loading=\"lazy\" decoding=\"async\" alt=\"\" src=\"http:\/\/www.xn--edebiyatgretmeni-twb.net\/indir.bmp\" width=\"28\" height=\"13\" border=\"0\" \/><a href=\"http:\/\/www.xn--edebiyatgretmeni-twb.net\/dosyalar\/etkinlikler\/yedi-mesaleciler-sunu.pps\">Yedi Me\u015faleciler Ders Sunusu<\/a>\u00a0(Veysel KEK\u0130L)<\/li>\n<\/ul>\n<p style=\"text-align: right;\" align=\"right\"><strong><span style=\"color: #ff0000;\">Seval KAYA S\u00d6NMEZ<\/span><\/strong><\/p>\n<p align=\"right\"><strong><span style=\"color: #ff0000;\">T\u00fcrk Dili ve Edebiyat\u0131 \u00d6\u011frt.<\/span><\/strong><\/p>\n<p style=\"text-align: right;\" align=\"right\"><strong><span style=\"color: #ff0000;\"><a href=\"http:\/\/www.xn--edebiyatgretmeni-twb.net\/cumhuriyet_donemi.htm\"><span style=\"color: #ff0000;\">Cumhuriyet D\u00f6nemi T\u00fcrk Edebiyat\u0131<\/span><\/a><\/span><\/strong>\u00a0Sayfas\u0131na\u00a0D\u00f6n<\/p>\n","protected":false},"excerpt":{"rendered":"<p>Temsilcileri: &#8211;\u00a0Sabri Esat Siyavu\u015fgil &#8211;\u00a0Ziya Osman Saba &#8211;\u00a0Ya\u015far Nabi Nay\u0131r &#8211;\u00a0Muammer L\u00fctf\u00fc &#8211;\u00a0Vasfi Mahir Kocat\u00fcrk &#8211;\u00a0Cevdet Kudret &#8211;\u00a0Kenan Hulisi Koray *\u00a0Milli edebiyat \u015fairlerinin, \u00f6zellikle de [&#8230;]<\/p>\n","protected":false},"author":2,"featured_media":0,"comment_status":"open","ping_status":"open","sticky":false,"template":"","format":"standard","meta":{"_monsterinsights_skip_tracking":false,"_monsterinsights_sitenote_active":false,"_monsterinsights_sitenote_note":"","_monsterinsights_sitenote_category":0,"footnotes":""},"categories":[1],"tags":[],"class_list":["post-122","post","type-post","status-publish","format-standard","hentry","category-genel"],"_links":{"self":[{"href":"https:\/\/www.xn--edebiyatgretmeni-twb.net\/edebiyat\/wp-json\/wp\/v2\/posts\/122","targetHints":{"allow":["GET"]}}],"collection":[{"href":"https:\/\/www.xn--edebiyatgretmeni-twb.net\/edebiyat\/wp-json\/wp\/v2\/posts"}],"about":[{"href":"https:\/\/www.xn--edebiyatgretmeni-twb.net\/edebiyat\/wp-json\/wp\/v2\/types\/post"}],"author":[{"embeddable":true,"href":"https:\/\/www.xn--edebiyatgretmeni-twb.net\/edebiyat\/wp-json\/wp\/v2\/users\/2"}],"replies":[{"embeddable":true,"href":"https:\/\/www.xn--edebiyatgretmeni-twb.net\/edebiyat\/wp-json\/wp\/v2\/comments?post=122"}],"version-history":[{"count":0,"href":"https:\/\/www.xn--edebiyatgretmeni-twb.net\/edebiyat\/wp-json\/wp\/v2\/posts\/122\/revisions"}],"wp:attachment":[{"href":"https:\/\/www.xn--edebiyatgretmeni-twb.net\/edebiyat\/wp-json\/wp\/v2\/media?parent=122"}],"wp:term":[{"taxonomy":"category","embeddable":true,"href":"https:\/\/www.xn--edebiyatgretmeni-twb.net\/edebiyat\/wp-json\/wp\/v2\/categories?post=122"},{"taxonomy":"post_tag","embeddable":true,"href":"https:\/\/www.xn--edebiyatgretmeni-twb.net\/edebiyat\/wp-json\/wp\/v2\/tags?post=122"}],"curies":[{"name":"wp","href":"https:\/\/api.w.org\/{rel}","templated":true}]}}