{"id":242,"date":"2013-02-19T01:38:58","date_gmt":"2013-02-18T23:38:58","guid":{"rendered":"http:\/\/www.xn--edebiyatgretmeni-twb.net\/edebiyat\/?p=242"},"modified":"2013-02-19T01:44:55","modified_gmt":"2013-02-18T23:44:55","slug":"anlam_bilgisi","status":"publish","type":"post","link":"https:\/\/www.xn--edebiyatgretmeni-twb.net\/edebiyat\/anlam_bilgisi.htm","title":{"rendered":"S\u00f6zc\u00fckte Anlam, C\u00fcmlede Anlam ve Paragraf Konu Anlat\u0131m\u0131"},"content":{"rendered":"<p style=\"text-align: justify;\"><span style=\"color: #ff0000;\"><strong>A\u015fa\u011f\u0131da dosyan\u0131n bir k\u0131sm\u0131 verilmi\u015ftir.<\/strong><\/span><\/p>\n<p style=\"text-align: justify;\"><span style=\"color: #ff0000;\"><strong>S\u00d6ZC\u00dcKTE ANLAM<\/strong><\/span><br \/>\nS\u00f6zc\u00fckte anlam konusuyla ilgili olarak \u00f6ncelikle dil ve s\u00f6zc\u00fck kavramlar\u0131n\u0131 a\u00e7\u0131klamak gerekir.<\/p>\n<p style=\"text-align: justify;\"><span style=\"color: #ff0000;\"><strong>Dil:<\/strong> <\/span>Duygu, d\u00fc\u015f\u00fcnce hayal ve isteklerimizi ba\u015fkalar\u0131na anlatmaya yarayan i\u015faretler sistemidir. \u0130nsano\u011flu \u00e7evresindeki varl\u0131klar\u0131, nesneleri veya zihinde bi\u00e7imlendirdi\u011fi kavramlar\u0131 ba\u015fkalar\u0131na iletmek ve onlar\u0131n zihinlerinde de bi\u00e7imlendirmek i\u00e7in bir i\u015faret sistemi bulmu\u015ftur. Bu i\u015faretlerin g\u00f6ze hitap eden bi\u00e7imi yaz\u0131d\u0131r, kula\u011fa hitap eden bi\u00e7imi (sestir) konu\u015fmad\u0131r.<\/p>\n<p style=\"text-align: justify;\"><span style=\"color: #ff0000;\"><strong>S\u00f6zc\u00fck:<\/strong> <\/span>Anlam\u0131 ya da g\u00f6revi olan ses veya ses toplulu\u011fudur.<\/p>\n<p style=\"text-align: justify;\"><span style=\"color: #ff0000;\"><strong>Anlam:<\/strong><\/span> S\u00f6z\u00fcn zihinde uyard\u0131\u011f\u0131 kavramd\u0131r. Bir ba\u015fka deyi\u015fle s\u00f6zc\u00fc\u011f\u00fcn zihindeki g\u00f6r\u00fcnt\u00fcs\u00fc veya yans\u0131mas\u0131 (tasar\u0131m\u0131) diye adland\u0131r\u0131labilir. S\u00f6zc\u00fckte anlam konusuyla ilgili olarak \u00f6ncelikle dil ve s\u00f6zc\u00fck kavramlar\u0131n\u0131 a\u00e7\u0131klamak gerekir.<\/p>\n<p style=\"text-align: justify;\">Varl\u0131k \u0130\u015faret G\u00f6r\u00fcnt\u00fc<br \/>\nekmek \u2014\u25ba<br \/>\ns-e-v-g-i \u2014\u25ba G\u00f6r\u00fcnt\u00fc yok tasar\u0131m<\/p>\n<p style=\"text-align: justify;\"><span style=\"color: #ff0000;\"><strong>S\u00d6ZC\u00dc\u011e\u00dcN ANLAM BOYUTLARI<\/strong><\/span><br \/>\n* S\u00f6zc\u00fckler anlam y\u00f6n\u00fcnden t\u00fcrl\u00fc \u00f6zellikler g\u00f6sterir. Bu \u00f6zelliklerin bir k\u0131sm\u0131 s\u00f6zc\u00fc\u011f\u00fcn anlamsal i\u00e7 yap\u0131s\u0131yla, bir k\u0131sm\u0131 s\u00f6zc\u00fckler aras\u0131 ili\u015fkilerde bir k\u0131sm\u0131 s\u00f6zc\u00fc\u011f\u00fcn tarihsel evrimleriyle, bir k\u0131sm\u0131 da anlam boyutuyla ilgilidir.<br \/>\n* Buna g\u00f6re s\u00f6zc\u00fc\u011f\u00fcn anlam \u00f6zelliklerini \u015fu ba\u015fl\u0131klar alt\u0131nda inceleyebiliriz.<\/p>\n<p style=\"text-align: justify;\"><strong><span style=\"color: #ff0000;\">A- ANLAMSAL T\u00dcRLEN\u0130\u015e:<\/span><\/strong><br \/>\nI \u2013 GER\u00c7EK ANLAM: S\u00f6zc\u00fc\u011f\u00fcn kendisiyle birlikte d\u00fc\u015f\u00fcn\u00fclen anlamd\u0131r. S\u00f6zc\u00fck tek ba\u015f\u0131na kullan\u0131ld\u0131\u011f\u0131nda akla gelen anlamd\u0131r.<\/p>\n<p style=\"text-align: justify;\"><strong>\u00d6RNEK:<\/strong><br \/>\nG\u00f6z, burun, y\u0131rtmak, k\u0131rmak, a\u011f\u0131r koku&#8230;<\/p>\n<p style=\"text-align: justify;\">1. Temel (Ba\u015fat) Anlam: S\u00f6zc\u00fc\u011f\u00fcn ilk akla gelen anlam\u0131d\u0131r. Konulu\u015f anlam\u0131d\u0131r.<\/p>\n<p style=\"text-align: justify;\"><strong>\u00d6RNEK:<\/strong><br \/>\n* Dolap,<br \/>\n* Ay,<br \/>\n* Ta\u015f,<br \/>\n* Kum,<br \/>\n* A\u011f\u0131z,<br \/>\n* Petek&#8230;<\/p>\n<p style=\"text-align: justify;\"><span style=\"color: #ff0000;\"><strong>2. Yan Anlam (Kullan\u0131l\u0131\u015f anlam\u0131!<\/strong> <\/span>: S\u00f6zc\u00fc\u011f\u00fcn zaman i\u00e7inde temel anlam\u0131na bi\u00e7imce veya g\u00f6revce ba\u011fl\u0131 olarak kazand\u0131\u011f\u0131 yeni anlamd\u0131r.<\/p>\n<p style=\"text-align: justify;\"><strong>YUKARIDAK\u0130 DOK\u00dcMANIN DEVAMINI A\u015eA\u011eIDAK\u0130 BA\u011eLANTIYI TIKLAYARAK \u0130ND\u0130REB\u0130L\u0130RS\u0130N\u0130Z.<\/strong><\/p>\n<h2 style=\"text-align: left;\" align=\"center\"><span style=\"color: #ff0000;\"><strong><a href=\"http:\/\/www.xn--edebiyatgretmeni-twb.net\/edebiyat\/anlam_bilgisi.zip\"><span style=\"color: #ff0000;\">S\u00f6zc\u00fckte Anlam, C\u00fcmlede Anlam ve Paragraf Konu Anlat\u0131m\u0131<\/span><\/a><\/strong><\/span><\/h2>\n<p style=\"text-align: right;\" align=\"center\"><span style=\"color: #ff0000;\"><strong>Mehmet TAYLAN<\/strong><\/span><\/p>\n<p style=\"text-align: right;\" align=\"center\"><span style=\"color: #ff0000;\"><strong>\u00a0<\/strong><\/span><strong><small><span style=\"color: #ff0000;\"><a href=\"http:\/\/www.xn--edebiyatgretmeni-twb.net\/ders_notlari.htm\" target=\"_self\"><span style=\"color: #ff0000;\">Ders Notlar\u0131<\/span><\/a><\/span>\u00a0\u00a0<\/small>Sayfas\u0131na\u00a0D\u00f6n<\/strong><\/p>\n","protected":false},"excerpt":{"rendered":"<p>A\u015fa\u011f\u0131da dosyan\u0131n bir k\u0131sm\u0131 verilmi\u015ftir. S\u00d6ZC\u00dcKTE ANLAM S\u00f6zc\u00fckte anlam konusuyla ilgili olarak \u00f6ncelikle dil ve s\u00f6zc\u00fck kavramlar\u0131n\u0131 a\u00e7\u0131klamak gerekir. Dil: Duygu, d\u00fc\u015f\u00fcnce hayal ve isteklerimizi [&#8230;]<\/p>\n","protected":false},"author":3,"featured_media":0,"comment_status":"open","ping_status":"open","sticky":false,"template":"","format":"standard","meta":{"_monsterinsights_skip_tracking":false,"_monsterinsights_sitenote_active":false,"_monsterinsights_sitenote_note":"","_monsterinsights_sitenote_category":0,"footnotes":""},"categories":[1],"tags":[],"class_list":["post-242","post","type-post","status-publish","format-standard","hentry","category-genel"],"_links":{"self":[{"href":"https:\/\/www.xn--edebiyatgretmeni-twb.net\/edebiyat\/wp-json\/wp\/v2\/posts\/242","targetHints":{"allow":["GET"]}}],"collection":[{"href":"https:\/\/www.xn--edebiyatgretmeni-twb.net\/edebiyat\/wp-json\/wp\/v2\/posts"}],"about":[{"href":"https:\/\/www.xn--edebiyatgretmeni-twb.net\/edebiyat\/wp-json\/wp\/v2\/types\/post"}],"author":[{"embeddable":true,"href":"https:\/\/www.xn--edebiyatgretmeni-twb.net\/edebiyat\/wp-json\/wp\/v2\/users\/3"}],"replies":[{"embeddable":true,"href":"https:\/\/www.xn--edebiyatgretmeni-twb.net\/edebiyat\/wp-json\/wp\/v2\/comments?post=242"}],"version-history":[{"count":0,"href":"https:\/\/www.xn--edebiyatgretmeni-twb.net\/edebiyat\/wp-json\/wp\/v2\/posts\/242\/revisions"}],"wp:attachment":[{"href":"https:\/\/www.xn--edebiyatgretmeni-twb.net\/edebiyat\/wp-json\/wp\/v2\/media?parent=242"}],"wp:term":[{"taxonomy":"category","embeddable":true,"href":"https:\/\/www.xn--edebiyatgretmeni-twb.net\/edebiyat\/wp-json\/wp\/v2\/categories?post=242"},{"taxonomy":"post_tag","embeddable":true,"href":"https:\/\/www.xn--edebiyatgretmeni-twb.net\/edebiyat\/wp-json\/wp\/v2\/tags?post=242"}],"curies":[{"name":"wp","href":"https:\/\/api.w.org\/{rel}","templated":true}]}}