{"id":281,"date":"2013-02-17T15:17:37","date_gmt":"2013-02-17T13:17:37","guid":{"rendered":"http:\/\/www.xn--edebiyatgretmeni-twb.net\/edebiyat\/?p=281"},"modified":"2013-02-17T15:17:37","modified_gmt":"2013-02-17T13:17:37","slug":"12edb2donem1yazilisorularicevap2","status":"publish","type":"post","link":"https:\/\/www.xn--edebiyatgretmeni-twb.net\/edebiyat\/12edb2donem1yazilisorularicevap2.htm","title":{"rendered":"12. S\u0131n\u0131f T\u00fcrk Edebiyat\u0131 Dersi 2. D\u00f6nem 1. Yaz\u0131l\u0131 Sorular\u0131 ve Cevap Anahtar\u0131 &#8211; N. \u00c7\u0130\u00c7EK\u00c7\u0130O\u011eLU"},"content":{"rendered":"<p style=\"text-align: justify;\"><span style=\"color: #ff0000;\"><strong>A\u015fa\u011f\u0131da dosyan\u0131n bir k\u0131sm\u0131 verilmi\u015ftir.<\/strong><\/span><\/p>\n<p style=\"text-align: justify;\">Ne zaman sokaklarda dola\u015fsam<\/p>\n<p style=\"text-align: justify;\">Okul,sinema,sergi<\/p>\n<p style=\"text-align: justify;\">Kullan\u0131yorlar<\/p>\n<p style=\"text-align: justify;\">Bendeki eski benleri.\u00a0\u00a0\u00a0 (<a href=\"http:\/\/www.xn--edebiyatgretmeni-twb.net\/behcet_necatigil.htm\">Beh\u00e7et Necatigil<\/a>)<\/p>\n<p style=\"text-align: justify;\"><span style=\"color: #ff0000;\"><strong>1- Yukar\u0131daki \u015fiir yap\u0131 unsurlar\u0131 bak\u0131m\u0131ndan <a href=\"http:\/\/www.xn--edebiyatgretmeni-twb.net\/cumhuriyet_donemi.htm\">Cumhuriyet d\u00f6nemi<\/a>mdeki hangi \u015fiir anlay\u0131\u015flar\u0131yla \u00f6rt\u00fc\u015fmektedir?<\/strong><\/span><\/p>\n<p style=\"text-align: justify;\">Cevap: Serbest naz\u0131m ve toplumcu \u015fiir anlay\u0131\u015f\u0131 ; Garip Hareketi<\/p>\n<p style=\"text-align: justify;\"><span style=\"color: #ff0000;\"><strong>\u00a02- Yukar\u0131daki \u015fiir imge bak\u0131m\u0131ndan Cumhuriyet d\u00f6nemimdeki hangi \u015fiir anlay\u0131\u015f\u0131yla \u00f6rt\u00fc\u015fmektedir?<\/strong><\/span><\/p>\n<p style=\"text-align: justify;\">Cevap;\u00a0 Saf \u015fiir<\/p>\n<p style=\"text-align: justify;\"><span style=\"color: #ff0000;\"><strong>\u00a03- Yukar\u0131daki \u015fiirde ge\u00e7en\u00a0 imgeyi yaz\u0131p, bu imgeyi a\u00e7\u0131klay\u0131n\u0131z.<\/strong><\/span><\/p>\n<p style=\"text-align: justify;\">Cevap: Kullan\u0131yorlar bendeki eski benleri : \u015eair\u00a0 okulda, sinemada ve sergide bulundu\u011fu\u00a0 zaman diliminde\u00a0 bu yerlerde kendinden bir par\u00e7a g\u00f6r\u00fcyor. Bir zamanlar sinemaya gitti\u011fini, sergilerde dola\u015ft\u0131\u011f\u0131n\u0131 ve okulda e\u011fitim g\u00f6rd\u00fc\u011f\u00fcn\u00fc hat\u0131rl\u0131yor.<\/p>\n<p style=\"text-align: justify;\"><span style=\"color: #ff0000;\"><strong>\u00a04-\u201cMavi Hareketi \u201c hangi \u015fiir anlay\u0131\u015f\u0131na kar\u015f\u0131 kurulmu\u015ftur? Mavi hareketinin sanat anlay\u0131\u015f\u0131 nedir?<\/strong><\/span><\/p>\n<p style=\"text-align: justify;\">Cevap; Garip hareketine kar\u015f\u0131 kurulmu\u015ftur. Sanat anlay\u0131\u015flar\u0131 ; ba\u015flang\u0131\u00e7ta \u015fairane bir sanat anlay\u0131\u015f\u0131n\u0131<\/p>\n<p style=\"text-align: justify;\">Benimsemi\u015fler daha sonra ise toplumcu ger\u00e7ek\u00e7i \u015fiir anlay\u0131\u015f\u0131na y\u00f6nelmi\u015flerdir.<\/p>\n<p style=\"text-align: justify;\"><span style=\"color: #ff0000;\"><strong>5- \u201c<a href=\"http:\/\/www.xn--edebiyatgretmeni-twb.net\/edebiyat\/2.yeni_edebiyati.htm\">\u0130kinci Yeni<\/a>\u201d\u00a0 \u015fiir anlay\u0131\u015f\u0131na ba\u011fl\u0131 sanat\u00e7\u0131lar\u0131n\u00a0 kulland\u0131klar\u0131 dil ile seslendikleri kitle aras\u0131ndaki ili\u015fkiyi a\u00e7\u0131klay\u0131n\u0131z.<\/strong><\/span><\/p>\n<p style=\"text-align: justify;\">Cevap; \u0130kinci yeni sanat\u00e7\u0131lar\u0131 ayd\u0131n kesime hitap etmi\u015flerdir.Bu nedenle dilleri a\u011f\u0131r, anla\u015f\u0131lmaz ve imge y\u00fckl\u00fcd\u00fcr.Hatta halk k\u00fclt\u00fcr\u00fcne kar\u015f\u0131 \u00f6zellikle bir kar\u015f\u0131 duru\u015f vard\u0131r.Halk\u0131n konu\u015ftu\u011fu dil dikkate al\u0131nmaz.<\/p>\n<p style=\"text-align: justify;\"><strong>YUKARIDAK\u0130 SORULARIN DEVAMINI A\u015eA\u011eIDAK\u0130 BA\u011eLANTIYI TIKLAYARAK \u0130ND\u0130REB\u0130L\u0130RS\u0130N\u0130Z.<\/strong><\/p>\n<h2 style=\"text-align: justify;\" align=\"center\"><span style=\"color: #ff0000;\"><strong><a href=\"http:\/\/www.xn--edebiyatgretmeni-twb.net\/edebiyat\/12edb2donem1yazilisorularicevap2.zip\"><span style=\"color: #ff0000;\">12. S\u0131n\u0131f T\u00fcrk Edebiyat\u0131 Dersi 2. D\u00f6nem 1. Yaz\u0131l\u0131 Sorular\u0131 ve Cevap Anahtar\u0131<\/span><\/a>\u00a0<\/strong><\/span><\/h2>\n<p style=\"text-align: right;\" align=\"center\"><span style=\"color: #ff0000;\"><strong>Nimet \u00c7\u0130\u00c7EK\u00c7\u0130O\u011eLU<\/strong><\/span><\/p>\n<p style=\"text-align: right;\" align=\"right\"><strong><span style=\"color: #ff0000;\"><a href=\"http:\/\/www.xn--edebiyatgretmeni-twb.net\/sinav_sorulari_2.htm\" target=\"_self\"><span style=\"color: #ff0000;\">Yaz\u0131l\u0131 Sorular\u0131<\/span><\/a><\/span><small><span style=\"color: #ff0000;\">\u00a0<\/span>\u00a0\u00a0<\/small>Sayfas\u0131na\u00a0D\u00f6n<\/strong><\/p>\n<p style=\"text-align: justify;\">\n","protected":false},"excerpt":{"rendered":"<p>A\u015fa\u011f\u0131da dosyan\u0131n bir k\u0131sm\u0131 verilmi\u015ftir. Ne zaman sokaklarda dola\u015fsam Okul,sinema,sergi Kullan\u0131yorlar Bendeki eski benleri.\u00a0\u00a0\u00a0 (Beh\u00e7et Necatigil) 1- Yukar\u0131daki \u015fiir yap\u0131 unsurlar\u0131 bak\u0131m\u0131ndan Cumhuriyet d\u00f6nemimdeki hangi [&#8230;]<\/p>\n","protected":false},"author":3,"featured_media":0,"comment_status":"open","ping_status":"open","sticky":false,"template":"","format":"standard","meta":{"_monsterinsights_skip_tracking":false,"_monsterinsights_sitenote_active":false,"_monsterinsights_sitenote_note":"","_monsterinsights_sitenote_category":0,"footnotes":""},"categories":[1],"tags":[],"class_list":["post-281","post","type-post","status-publish","format-standard","hentry","category-genel"],"_links":{"self":[{"href":"https:\/\/www.xn--edebiyatgretmeni-twb.net\/edebiyat\/wp-json\/wp\/v2\/posts\/281","targetHints":{"allow":["GET"]}}],"collection":[{"href":"https:\/\/www.xn--edebiyatgretmeni-twb.net\/edebiyat\/wp-json\/wp\/v2\/posts"}],"about":[{"href":"https:\/\/www.xn--edebiyatgretmeni-twb.net\/edebiyat\/wp-json\/wp\/v2\/types\/post"}],"author":[{"embeddable":true,"href":"https:\/\/www.xn--edebiyatgretmeni-twb.net\/edebiyat\/wp-json\/wp\/v2\/users\/3"}],"replies":[{"embeddable":true,"href":"https:\/\/www.xn--edebiyatgretmeni-twb.net\/edebiyat\/wp-json\/wp\/v2\/comments?post=281"}],"version-history":[{"count":0,"href":"https:\/\/www.xn--edebiyatgretmeni-twb.net\/edebiyat\/wp-json\/wp\/v2\/posts\/281\/revisions"}],"wp:attachment":[{"href":"https:\/\/www.xn--edebiyatgretmeni-twb.net\/edebiyat\/wp-json\/wp\/v2\/media?parent=281"}],"wp:term":[{"taxonomy":"category","embeddable":true,"href":"https:\/\/www.xn--edebiyatgretmeni-twb.net\/edebiyat\/wp-json\/wp\/v2\/categories?post=281"},{"taxonomy":"post_tag","embeddable":true,"href":"https:\/\/www.xn--edebiyatgretmeni-twb.net\/edebiyat\/wp-json\/wp\/v2\/tags?post=281"}],"curies":[{"name":"wp","href":"https:\/\/api.w.org\/{rel}","templated":true}]}}