{"id":297,"date":"2013-02-17T15:09:38","date_gmt":"2013-02-17T13:09:38","guid":{"rendered":"http:\/\/www.xn--edebiyatgretmeni-twb.net\/edebiyat\/?p=297"},"modified":"2013-02-17T15:09:38","modified_gmt":"2013-02-17T13:09:38","slug":"kose_imam","status":"publish","type":"post","link":"https:\/\/www.xn--edebiyatgretmeni-twb.net\/edebiyat\/kose_imam.htm","title":{"rendered":"Mehmet Akif ERSOY&#8217;u Anma Etkinlikleri \u0130\u00e7in Tiyatro"},"content":{"rendered":"<p style=\"text-align: justify;\"><span style=\"color: #ff0000;\"><strong>A\u015fa\u011f\u0131da dosyan\u0131n bir k\u0131sm\u0131 verilmi\u015ftir.<\/strong><\/span><\/p>\n<p style=\"text-align: justify;\">\u00a0 \u00a0 \u00a0Mehmet Akif ERSOY\u2019un K\u00f6se \u0130mam adli manzumesinden uyarlanm\u0131\u015ft\u0131r.<\/p>\n<p style=\"text-align: justify;\">\u00a0\u00a0\u00a0\u00a0 Sahneye Uyarlayan\u00a0\u00a0 :\u00a0\u00a0 Burhan TOP\u00c7UO\u011eLU\u00a0\u00a0 ( Edebiyat \u00d6\u011fretmeni )<\/p>\n<p style=\"text-align: justify;\"><span style=\"color: #ff0000;\"><strong>OYNAYANLAR\u00a0\u00a0\u00a0 :<\/strong><\/span><\/p>\n<p style=\"text-align: justify;\">\u00a0Ali \u015eevki Efendi\u00a0\u00a0\u00a0\u00a0 (M.Akif\u2019in babas\u0131n\u0131n talebelerinden, kendisinin yak\u0131n dostu)<\/p>\n<p style=\"text-align: justify;\">K\u00f6se \u0130mam\u00a0\u00a0\u00a0\u00a0\u00a0\u00a0\u00a0\u00a0\u00a0\u00a0\u00a0\u00a0 ( \u0130lmi az fakat g\u00f6rg\u00fcs\u00fc\u00a0 \u00e7ok bir imam )<\/p>\n<p style=\"text-align: justify;\">As\u0131m\u00a0\u00a0\u00a0\u00a0\u00a0\u00a0\u00a0\u00a0\u00a0\u00a0\u00a0\u00a0\u00a0\u00a0\u00a0\u00a0\u00a0\u00a0\u00a0\u00a0\u00a0\u00a0\u00a0 ( Ali \u015fevkinin o\u011flu)<\/p>\n<p style=\"text-align: justify;\"><a title=\"kad\u0131nca\" href=\"http:\/\/www.kadin.in\">Kad\u0131n<\/a><\/p>\n<p style=\"text-align: justify;\">Memi\u015f<\/p>\n<p style=\"text-align: justify;\">\u0130hsan\u00a0\u00a0\u00a0\u00a0\u00a0\u00a0\u00a0\u00a0\u00a0\u00a0\u00a0\u00a0\u00a0\u00a0\u00a0\u00a0\u00a0\u00a0\u00a0\u00a0\u00a0 ( ayya\u015f g\u00f6r\u00fcn\u00fcml\u00fc )<\/p>\n<p style=\"text-align: justify;\">\u00a0 \u00a0\u00a0\u00a0\u00a0\u00a0Olay Ali \u015eevki beyin evinde ge\u00e7er. Oda\u00a0 sade fakat \u00e7ok iyi d\u00f6\u015fenmi\u015ftir.\u00a0 Sedir minder ve yast\u0131klarla bezenmi\u015f, yer minderleri de vard\u0131r.<\/p>\n<p style=\"text-align: justify;\">\u00a0\u0130lmi az, g\u00f6rg\u00fcs\u00fc \u00e7ok, yarat\u0131l\u0131\u015f\u0131 y\u00fcksek bir imam<\/p>\n<p style=\"text-align: justify;\">Tan\u0131r\u0131m ben, ki sa\u011fl\u0131\u011f\u0131nda tan\u0131tm\u0131\u015ft\u0131 babam.<\/p>\n<p style=\"text-align: justify;\">\u201c Kim bilir \u015fimdi ne alemde benim \u015fanl\u0131 k\u00f6sem;<\/p>\n<p style=\"text-align: justify;\">G\u00f6rmedim be\u015f senedir bari gidip bir g\u00f6rsem\u2026\u201d<\/p>\n<p style=\"text-align: justify;\">Diyerek, d\u00fcn gece g\u00fc\u00e7 hal ile buldum evini.<\/p>\n<p style=\"text-align: justify;\">Koca insan : nas\u0131l sevin\u00e7le kabul etti beni:<\/p>\n<p style=\"text-align: justify;\"><strong>ASIM \u2013<\/strong> <a href=\"http:\/\/www.xn--edebiyatgretmeni-twb.net\/1\/mehmet-akif-ersoyun-hayati.htm\">Mehmet Akif<\/a> amca M\u0131s\u0131r\u2019dan d\u00f6nm\u00fc\u015f.<\/p>\n<p style=\"text-align: justify;\"><strong>AL\u0130 \u015eEVK\u0130-<\/strong> \u00d6\u011flemi\u2026\u00a0 Yar\u0131n gidip g\u00f6relim.<\/p>\n<p style=\"text-align: justify;\"><strong>ASIM-<\/strong> O, daha \u00f6nce davran\u0131p, sana gelmezse gideriz.( sessizlik olur Ali \u015eevki bey bir kitap al\u0131r okumaya ba\u015flar. Bir m\u00fcddet sonra kap\u0131\u00a0 vurulur. M. Akif i\u00e7eri girer Ali \u015eevki Bey yerinden f\u0131rlayarak.)<\/p>\n<p style=\"text-align: justify;\"><strong>AL\u0130 \u015eEF\u0130K-<\/strong><\/p>\n<p style=\"text-align: justify;\">Gel ayol gel , Hoca zadem, bizi ihya ettin\u2026<\/p>\n<p style=\"text-align: justify;\">Ne keramet gibi tesad\u00fcf; seni and\u0131kt\u0131 demin.<\/p>\n<p style=\"text-align: justify;\">\u00a0\u00a0\u00a0\u00a0\u00a0\u00a0\u00a0\u00a0\u00a0\u00a0 (Odan\u0131n ba\u015f k\u00f6\u015fesine M.Akif oturtturulur.)<\/p>\n<p style=\"text-align: justify;\">\u00a0\u00a0\u00a0\u00a0 \u00a0\u00a0\u00a0\u00a0\u00a0\u00a0\u00a0\u00a0Ho\u015f geldin, sefalar getirdin \u00fcstad\u0131m\u2026 \u015e\u00fck\u00fcrler olsun kavu\u015fturana..<\/p>\n<p style=\"text-align: justify;\"><strong>K\u00d6SE \u0130MAM&#8211;\u00a0<\/strong> Ho\u015f bulduk karde\u015fim.<\/p>\n<p style=\"text-align: justify;\"><strong>ASIM\u2014<\/strong>Ho\u015f geldiniz Akif amca\u00a0 ( e\u011filir elini \u00f6per.)<\/p>\n<p style=\"text-align: justify;\"><strong>AL\u0130 \u015eEVK\u0130 \u2013<\/strong> \u00d6zledin mi bizi \u00fcstat?<\/p>\n<p style=\"text-align: justify;\"><strong>\u0130MAM \u2013<\/strong> \u00d6zlemek mi\u2026. \u00d6zlemek mi\u2026. (kesik kesik konu\u015fur )\u00a0 M\u0131s\u0131rdan 3 g\u00fcn 3 gecede geldim. Bu \u00fc\u00e7 gece otuz as\u0131r kadar uzun s\u00fcrd\u00fc. Oralarda on bir y\u0131l kald\u0131m\u2026 Fakat bir an oldu ki\u2026\u00a0 on bir g\u00fcn daha kalsayd\u0131m \u00e7\u0131ld\u0131r\u0131rd\u0131m.<\/p>\n<p style=\"text-align: justify;\"><strong>ASIM-<\/strong>\u00a0 Ya kavu\u015fman\u0131n sevinci ?<\/p>\n<p style=\"text-align: justify;\"><strong>\u0130MAM\u2013<\/strong> Onu sorma o\u011flum\u2026 Onu bun kendi kendime bile soram\u0131yorum, ancak ne yaz\u0131k ki vapurdan \u00e7\u0131kar \u00e7\u0131kmaz hastalan\u0131p yata\u011fa d\u00fc\u015ft\u00fcm; hi\u00e7bir \u015fey g\u00f6remedim\u2026 \u015eimdi biraz iyiyim\u2026Amma, cennet gibi yurdumday\u0131m ya\u2026 \u00c7ok \u015f\u00fck\u00fcr\u2026<\/p>\n<p style=\"text-align: justify;\">\u00a0\u00a0\u00a0\u00a0\u00a0\u00a0\u00a0\u00a0 Karaci\u011ferim , dala\u011f\u0131m \u015fi\u015fmi\u015f\u2026 Geldik yatt\u0131k burada. M\u00fc\u015fahede alt\u0131na\u00a0 ald\u0131lar, bakal\u0131m ne olacak.<\/p>\n<p style=\"text-align: justify;\"><strong>YUKARIDAK\u0130 DOK\u00dcMANIN DEVAMINI A\u015eA\u011eIDAK\u0130 BA\u011eLANTIYI TIKLAYARAK \u0130ND\u0130REB\u0130L\u0130RS\u0130N\u0130Z.<\/strong><\/p>\n<h2 style=\"text-align: justify;\" align=\"center\"><span style=\"color: #ff0000;\"><strong><a href=\"http:\/\/www.xn--edebiyatgretmeni-twb.net\/edebiyat\/kose_imam.zip\"><span style=\"color: #ff0000;\">Mehmet Akif ERSOY&#8217;u Anma Etkinlikleri \u0130\u00e7in Tiyatro<\/span><\/a>\u00a0<\/strong><\/span><\/h2>\n<p style=\"text-align: right;\" align=\"center\"><span style=\"color: #ff0000;\"><strong>Burhan TOP\u00c7UO\u011eLU<\/strong><\/span><\/p>\n<p style=\"text-align: right;\" align=\"right\"><strong><small><span style=\"color: #ff0000;\"><a href=\"http:\/\/www.xn--edebiyatgretmeni-twb.net\/tiyatro.htm\" target=\"_self\"><span style=\"color: #ff0000;\">Tiyatro<\/span><\/a><\/span>\u00a0<\/small>Sayfas\u0131na D\u00f6n<\/strong><\/p>\n","protected":false},"excerpt":{"rendered":"<p>A\u015fa\u011f\u0131da dosyan\u0131n bir k\u0131sm\u0131 verilmi\u015ftir. \u00a0 \u00a0 \u00a0Mehmet Akif ERSOY\u2019un K\u00f6se \u0130mam adli manzumesinden uyarlanm\u0131\u015ft\u0131r. \u00a0\u00a0\u00a0\u00a0 Sahneye Uyarlayan\u00a0\u00a0 :\u00a0\u00a0 Burhan TOP\u00c7UO\u011eLU\u00a0\u00a0 ( Edebiyat \u00d6\u011fretmeni ) [&#8230;]<\/p>\n","protected":false},"author":3,"featured_media":0,"comment_status":"open","ping_status":"open","sticky":false,"template":"","format":"standard","meta":{"_monsterinsights_skip_tracking":false,"_monsterinsights_sitenote_active":false,"_monsterinsights_sitenote_note":"","_monsterinsights_sitenote_category":0,"footnotes":""},"categories":[1],"tags":[],"class_list":["post-297","post","type-post","status-publish","format-standard","hentry","category-genel"],"_links":{"self":[{"href":"https:\/\/www.xn--edebiyatgretmeni-twb.net\/edebiyat\/wp-json\/wp\/v2\/posts\/297","targetHints":{"allow":["GET"]}}],"collection":[{"href":"https:\/\/www.xn--edebiyatgretmeni-twb.net\/edebiyat\/wp-json\/wp\/v2\/posts"}],"about":[{"href":"https:\/\/www.xn--edebiyatgretmeni-twb.net\/edebiyat\/wp-json\/wp\/v2\/types\/post"}],"author":[{"embeddable":true,"href":"https:\/\/www.xn--edebiyatgretmeni-twb.net\/edebiyat\/wp-json\/wp\/v2\/users\/3"}],"replies":[{"embeddable":true,"href":"https:\/\/www.xn--edebiyatgretmeni-twb.net\/edebiyat\/wp-json\/wp\/v2\/comments?post=297"}],"version-history":[{"count":0,"href":"https:\/\/www.xn--edebiyatgretmeni-twb.net\/edebiyat\/wp-json\/wp\/v2\/posts\/297\/revisions"}],"wp:attachment":[{"href":"https:\/\/www.xn--edebiyatgretmeni-twb.net\/edebiyat\/wp-json\/wp\/v2\/media?parent=297"}],"wp:term":[{"taxonomy":"category","embeddable":true,"href":"https:\/\/www.xn--edebiyatgretmeni-twb.net\/edebiyat\/wp-json\/wp\/v2\/categories?post=297"},{"taxonomy":"post_tag","embeddable":true,"href":"https:\/\/www.xn--edebiyatgretmeni-twb.net\/edebiyat\/wp-json\/wp\/v2\/tags?post=297"}],"curies":[{"name":"wp","href":"https:\/\/api.w.org\/{rel}","templated":true}]}}