{"id":807,"date":"2014-04-17T00:11:00","date_gmt":"2014-04-16T21:11:00","guid":{"rendered":"http:\/\/www.xn--edebiyatgretmeni-twb.net\/edebiyat\/?p=807"},"modified":"2014-04-17T00:12:05","modified_gmt":"2014-04-16T21:12:05","slug":"9-sinif_turk_edebiyati_yazili_1-22","status":"publish","type":"post","link":"https:\/\/www.xn--edebiyatgretmeni-twb.net\/edebiyat\/9-sinif_turk_edebiyati_yazili_1-22.htm","title":{"rendered":"9. S\u0131n\u0131f T\u00fcrk Edebiyat\u0131 Dersi 1. D\u00f6nem 2. Yaz\u0131l\u0131 Sorusu ve Cevap Anahtar\u0131"},"content":{"rendered":"<p>1- A\u015fa\u011f\u0131daki d\u00f6rtl\u00fc\u011f\u00fcn \u00f6l\u00e7\u00fcs\u00fcn\u00fc ,uya\u011f\u0131n\u0131 , kafiye \u00f6l\u00e7\u00fcs\u00fcn\u00fc , redifini , naz\u0131m birimini yaz\u0131n\u0131z?<\/p>\n<p>Anadan do\u011funca k\u00fcrk\u00fcn var m\u0131yd\u0131 ?\u00a0\u00a0\u00a0\u00a0\u00a0\u00a0\u00a0\u00a0\u00a0\u00a0\u00a0\u00a0\u00a0\u00a0\u00a0 \u2026..<\/p>\n<p>\u00dcryan\u00a0 gelmedin mi b\u00f6rk\u00fcn\u00a0 var m\u0131yd\u0131 ?\u00a0\u00a0\u00a0\u00a0\u00a0\u00a0\u00a0\u00a0\u00a0 \u2026..<\/p>\n<p>Torba\u00a0 torba mecidiyen var m\u0131yd\u0131 ?\u00a0\u00a0\u00a0\u00a0\u00a0\u00a0\u00a0\u00a0\u00a0\u00a0\u00a0\u00a0\u00a0\u00a0\u00a0\u00a0\u00a0 \u2026..<\/p>\n<p>T\u00fckenmez\u00a0 paray\u0131\u00a0 sana kim\u00a0 verdi .\u00a0\u00a0\u00a0\u00a0\u00a0\u00a0\u00a0\u00a0\u00a0\u00a0\u00a0\u00a0\u00a0\u00a0\u00a0\u00a0\u00a0 \u2026..<\/p>\n<p>&nbsp;<\/p>\n<p>2- A\u015fa\u011f\u0131daki\u00a0 dize ve \u015fiirde\u00a0 bulunan\u00a0 edebi\u00a0 sanatlar\u0131\u00a0 g\u00f6steriniz\u00a0 ?<\/p>\n<p>&nbsp;<\/p>\n<p>a- Can kafeste\u00a0 durmaz\u00a0 u\u00e7ar<\/p>\n<p>b-\u00c7atma kurban olay\u0131m \u00e7ehreni ey nazl\u0131 hilal<\/p>\n<p>c-O h\u0131zla Ferhat da\u011flar\u0131\u00a0 yar\u0131nca<\/p>\n<p>Ba\u015flam\u0131\u015f akmaya \u00e7oban \u00e7e\u015fmesi<\/p>\n<p>3-A\u015fa\u011f\u0131daki\u00a0 bo\u015fluklara\u00a0 uygun kelimelerle\u00a0 doldurunuz.<\/p>\n<p>Hecenin a\u00e7\u0131kl\u0131k ve\u00a0 kapal\u0131l\u0131k\u00a0 esas\u0131na dayanan\u00a0 \u00f6l\u00e7\u00fcye \u2026\u2026\u2026\u2026\u2026\u2026\u2026.. denir.<\/p>\n<p>Ezgiyle s\u00f6ylenip hece\u00a0 \u00f6l\u00e7\u00fcs\u00fcyle\u00a0 yaz\u0131lan\u00a0 halk\u00a0 \u015firine\u00a0\u00a0 \u2026\u2026\u2026\u2026\u2026\u2026\u2026.denir.<\/p>\n<p>\u015eiirde\u00a0 m\u0131sra\u00a0 i\u00e7inde\u00a0 fazladan\u00a0 yap\u0131lan ses\u00a0 benzerli\u011fine \u2026\u2026\u2026\u2026\u2026\u2026\u2026.denir.<\/p>\n<p>4- \u015eiirde\u00a0 yap\u0131\u00a0 nas\u0131l\u00a0 olu\u015fturulur ?<\/p>\n<h2><strong>Dosyan\u0131n tamam\u0131n\u0131 <a href=\"http:\/\/www.edebiyat\u00f6gretmeni.net\/edebiyat\/9.sinif_turk_edebiyati_yazili_1.22.zip\">\u0130ND\u0130R\u0130N<\/a><\/strong><\/h2>\n","protected":false},"excerpt":{"rendered":"<p>1- A\u015fa\u011f\u0131daki d\u00f6rtl\u00fc\u011f\u00fcn \u00f6l\u00e7\u00fcs\u00fcn\u00fc ,uya\u011f\u0131n\u0131 , kafiye \u00f6l\u00e7\u00fcs\u00fcn\u00fc , redifini , naz\u0131m birimini yaz\u0131n\u0131z? Anadan do\u011funca k\u00fcrk\u00fcn var m\u0131yd\u0131 ?\u00a0\u00a0\u00a0\u00a0\u00a0\u00a0\u00a0\u00a0\u00a0\u00a0\u00a0\u00a0\u00a0\u00a0\u00a0 \u2026.. \u00dcryan\u00a0 gelmedin mi b\u00f6rk\u00fcn\u00a0 [&#8230;]<\/p>\n","protected":false},"author":1,"featured_media":0,"comment_status":"open","ping_status":"open","sticky":false,"template":"","format":"standard","meta":{"_monsterinsights_skip_tracking":false,"_monsterinsights_sitenote_active":false,"_monsterinsights_sitenote_note":"","_monsterinsights_sitenote_category":0,"footnotes":""},"categories":[1],"tags":[],"class_list":["post-807","post","type-post","status-publish","format-standard","hentry","category-genel"],"_links":{"self":[{"href":"https:\/\/www.xn--edebiyatgretmeni-twb.net\/edebiyat\/wp-json\/wp\/v2\/posts\/807","targetHints":{"allow":["GET"]}}],"collection":[{"href":"https:\/\/www.xn--edebiyatgretmeni-twb.net\/edebiyat\/wp-json\/wp\/v2\/posts"}],"about":[{"href":"https:\/\/www.xn--edebiyatgretmeni-twb.net\/edebiyat\/wp-json\/wp\/v2\/types\/post"}],"author":[{"embeddable":true,"href":"https:\/\/www.xn--edebiyatgretmeni-twb.net\/edebiyat\/wp-json\/wp\/v2\/users\/1"}],"replies":[{"embeddable":true,"href":"https:\/\/www.xn--edebiyatgretmeni-twb.net\/edebiyat\/wp-json\/wp\/v2\/comments?post=807"}],"version-history":[{"count":0,"href":"https:\/\/www.xn--edebiyatgretmeni-twb.net\/edebiyat\/wp-json\/wp\/v2\/posts\/807\/revisions"}],"wp:attachment":[{"href":"https:\/\/www.xn--edebiyatgretmeni-twb.net\/edebiyat\/wp-json\/wp\/v2\/media?parent=807"}],"wp:term":[{"taxonomy":"category","embeddable":true,"href":"https:\/\/www.xn--edebiyatgretmeni-twb.net\/edebiyat\/wp-json\/wp\/v2\/categories?post=807"},{"taxonomy":"post_tag","embeddable":true,"href":"https:\/\/www.xn--edebiyatgretmeni-twb.net\/edebiyat\/wp-json\/wp\/v2\/tags?post=807"}],"curies":[{"name":"wp","href":"https:\/\/api.w.org\/{rel}","templated":true}]}}