{"id":215,"date":"2011-12-31T10:35:14","date_gmt":"2011-12-31T10:35:14","guid":{"rendered":"http:\/\/www.xn--edebiyatgretmeni-twb.net\/portal\/?p=215"},"modified":"2014-04-02T21:31:08","modified_gmt":"2014-04-02T21:31:08","slug":"10-sinif-turk-edebiyati-calisma-sorulari-ve-cevaplari","status":"publish","type":"post","link":"https:\/\/www.xn--edebiyatgretmeni-twb.net\/portal\/10-sinif-turk-edebiyati-calisma-sorulari-ve-cevaplari.html","title":{"rendered":"10. S\u0131n\u0131f T\u00fcrk Edebiyat\u0131 \u00c7al\u0131\u015fma Sorular\u0131 ve Cevaplar\u0131"},"content":{"rendered":"<p><strong>Ekteki Dosyan\u0131n \u0130\u00e7eri\u011finden Bir K\u0131sm\u0131n\u0131n G\u00f6r\u00fcn\u00fcm\u00fc:<\/strong><\/p>\n<p><strong>10. S\u0131n\u0131f T\u00fcrk Edebiyat\u0131 \u00c7al\u0131\u015fma Sorular\u0131 ve Cevaplar\u0131 (Kas\u0131m KARACA)<\/strong><\/p>\n<p style=\"text-align: center;\"><strong><span style=\"color: #ff0000;\">10. S\u0131n\u0131f T\u00fcrk Edebiyat\u0131 S\u0131nav \u00c7al\u0131\u015fma Notlar\u0131\u00a0<\/span><\/strong><\/p>\n<p style=\"text-align: left;\" align=\"center\"><span style=\"color: #ff0000;\"><b>Klasik<\/b><b>\u00a0<\/b><\/span><\/p>\n<p>Ulu\u015fup eren b\u00f6rley\u00fc<\/p>\n<p>Y\u0131rt\u0131p yaka urlayu<\/p>\n<p>S\u0131kr\u0131p \u00fcni y\u0131rlayu<\/p>\n<p>S\u0131ktap k\u00f6zi \u00f6rt\u00fcl\u00fcr<\/p>\n<p>\u201c Erler, kurt gibi ulu\u015farak<\/p>\n<p>Feryatla yaka y\u0131rtarak<\/p>\n<p>Yas\u00e7\u0131lar gibi a\u011flayarak<\/p>\n<p>G\u00f6z\u00fc ya\u015fla \u00f6rt\u00fcl\u00fcr \u201c<\/p>\n<p><span style=\"color: #ff0000;\"><b>Bu d\u00f6rtl\u00fc\u011fe g\u00f6re:<\/b><\/span><\/p>\n<p><span style=\"color: #ff0000;\"><b>*\u00a0 a)\u00a0 A\u015fa\u011f\u0131da yer alan d\u00f6rtl\u00fck s\u00f6zl\u00fc \u00fcr\u00fcnlerimizden hangisidir? Neden? A\u00e7\u0131klay\u0131n\u0131z.<\/b><\/span><\/p>\n<p><span style=\"text-decoration: underline;\">Sagudur. \u00c7\u00fcnk\u00fc \u00f6l\u00fcm \u00fczerine yaz\u0131lm\u0131\u015ft\u0131r.<\/span><\/p>\n<p><b>\u00a0<\/b><\/p>\n<p><span style=\"color: #ff0000;\"><b>\u00a0\u00a0 b) A\u015fa\u011f\u0131daki s\u00f6zl\u00fc \u00fcr\u00fcn\u00fcm\u00fcz\u00fcn halk edebiyat\u0131ndaki ve divan edebiyat\u0131ndaki kar\u015f\u0131l\u0131\u011f\u0131n\u0131 yaz\u0131n\u0131z.<\/b><\/span><\/p>\n<p><span style=\"text-decoration: underline;\">Halk edeb.-a\u011f\u0131t.\u00a0\u00a0 Divan Edeb.-Mersiye <\/span><\/p>\n<p><b>\u00a0<\/b><\/p>\n<p><span style=\"color: #ff0000;\"><b>* Divan-\u0131 Hikmet adl\u0131 eserin yaz\u0131l\u0131\u015f amac\u0131n\u0131 a\u00e7\u0131klayarak yazar\u0131n\u0131n ismini yaz\u0131n\u0131z.<\/b><\/span><\/p>\n<p><b><span style=\"text-decoration: underline;\">Yazar\u0131: Ahmet Yesevi, Dini hikmetler, dersler, \u00f6\u011f\u00fctler vermek i\u00e7in yaz\u0131lm\u0131\u015ft\u0131r.<\/span><\/b><\/p>\n<p>Hind\u2019den bazerganlar gel\u00fcr yayunur<\/p>\n<p>Pi\u015fer lokmalar\u0131 a\u00e7lar doyurur<\/p>\n<p>A\u015f\u0131klar\u0131 gel\u00fcr bunda soyunur<\/p>\n<p>Erler gel\u00fcr \u015fah\u0131m Abdal Musa\u2019ya<\/p>\n<p>Kaygusuz Abdal<\/p>\n<p><span style=\"color: #ff0000;\"><b>* Yukar\u0131daki d\u00f6rtl\u00fc\u011f\u00fcn t\u00fcr\u00fc nedir? T\u00fcr\u00fc hakk\u0131nda bilgi veriniz ve d\u00f6rtl\u00fc\u011f\u00fc a\u00e7\u0131klay\u0131n\u0131z.<\/b><\/span><\/p>\n<p><span style=\"text-decoration: underline;\">Nefestir. <\/span><\/p>\n<p><span style=\"text-decoration: underline;\">Bekta\u015f\u00ee \u015fairlerinin yazd\u0131klar\u0131 tasavvuf\u00ee \u015fiirlerdir.<\/span><\/p>\n<p><span style=\"text-decoration: underline;\">Nefeslerde genellikle tasavvuftaki vahdet-i v\u00fccut (varl\u0131\u011f\u0131 birli\u011fi) kavram\u0131 anlat\u0131l\u0131r. Bunun yan\u0131 s\u0131ra Hz. Muhammet ve Hz: Ali i\u00e7in \u00f6vg\u00fcler de s\u00f6ylenir.<\/span><\/p>\n<p><span style=\"text-decoration: underline;\">Nefeslerde kalenderane ve alayc\u0131 bir \u00fcsl\u00fbp g\u00f6ze \u00e7arpar.<\/span><\/p>\n<p><span style=\"text-decoration: underline;\">Edebiyat\u0131m\u0131zda Pir Sultan Abdal nefesleriyle \u00fcnl\u00fcd\u00fcr.<\/span><\/p>\n<h2><span style=\"color: #ff0000;\"><b><a href=\"http:\/\/www.xn--edebiyatgretmeni-twb.net\/portal\/wp-content\/uploads\/2011\/12\/10edbcalismasorulari.zip\"><span style=\"color: #ff0000;\">Dosyan\u0131n Tamam\u0131n\u0131 \u0130ndirmek \u0130\u00e7in T\u0131klay\u0131n<\/span><\/a><\/b><\/span><\/h2>\n","protected":false},"excerpt":{"rendered":"<p>Ekteki Dosyan\u0131n \u0130\u00e7eri\u011finden Bir K\u0131sm\u0131n\u0131n G\u00f6r\u00fcn\u00fcm\u00fc: 10. S\u0131n\u0131f T\u00fcrk Edebiyat\u0131 \u00c7al\u0131\u015fma Sorular\u0131 ve Cevaplar\u0131 (Kas\u0131m KARACA) 10. S\u0131n\u0131f T\u00fcrk Edebiyat\u0131 S\u0131nav \u00c7al\u0131\u015fma Notlar\u0131\u00a0 Klasik\u00a0 Ulu\u015fup [&#8230;]<\/p>\n","protected":false},"author":3,"featured_media":0,"comment_status":"open","ping_status":"open","sticky":false,"template":"","format":"standard","meta":{"footnotes":""},"categories":[40,19],"tags":[],"class_list":["post-215","post","type-post","status-publish","format-standard","hentry","category-begenilen-sayfalarimiz","category-calisma-sorulari"],"_links":{"self":[{"href":"https:\/\/www.xn--edebiyatgretmeni-twb.net\/portal\/wp-json\/wp\/v2\/posts\/215","targetHints":{"allow":["GET"]}}],"collection":[{"href":"https:\/\/www.xn--edebiyatgretmeni-twb.net\/portal\/wp-json\/wp\/v2\/posts"}],"about":[{"href":"https:\/\/www.xn--edebiyatgretmeni-twb.net\/portal\/wp-json\/wp\/v2\/types\/post"}],"author":[{"embeddable":true,"href":"https:\/\/www.xn--edebiyatgretmeni-twb.net\/portal\/wp-json\/wp\/v2\/users\/3"}],"replies":[{"embeddable":true,"href":"https:\/\/www.xn--edebiyatgretmeni-twb.net\/portal\/wp-json\/wp\/v2\/comments?post=215"}],"version-history":[{"count":0,"href":"https:\/\/www.xn--edebiyatgretmeni-twb.net\/portal\/wp-json\/wp\/v2\/posts\/215\/revisions"}],"wp:attachment":[{"href":"https:\/\/www.xn--edebiyatgretmeni-twb.net\/portal\/wp-json\/wp\/v2\/media?parent=215"}],"wp:term":[{"taxonomy":"category","embeddable":true,"href":"https:\/\/www.xn--edebiyatgretmeni-twb.net\/portal\/wp-json\/wp\/v2\/categories?post=215"},{"taxonomy":"post_tag","embeddable":true,"href":"https:\/\/www.xn--edebiyatgretmeni-twb.net\/portal\/wp-json\/wp\/v2\/tags?post=215"}],"curies":[{"name":"wp","href":"https:\/\/api.w.org\/{rel}","templated":true}]}}