{"id":240,"date":"2012-02-23T14:11:07","date_gmt":"2012-02-23T14:11:07","guid":{"rendered":"http:\/\/www.xn--edebiyatgretmeni-twb.net\/portal\/?p=240"},"modified":"2013-02-06T11:28:22","modified_gmt":"2013-02-06T11:28:22","slug":"12-mart-istiklal-marsinin-kabulu-ve-mehmet-akif-ersoyu-anma-il-kutlama-programi","status":"publish","type":"post","link":"https:\/\/www.xn--edebiyatgretmeni-twb.net\/portal\/12-mart-istiklal-marsinin-kabulu-ve-mehmet-akif-ersoyu-anma-il-kutlama-programi.html","title":{"rendered":"12 Mart \u0130stiklal Mar\u015f\u0131&#8217;n\u0131n Kabul\u00fc ve Mehmet Akif Ersoy&#8217;u Anma \u0130l Kutlama Program\u0131"},"content":{"rendered":"<p><strong>Ekteki Dosyan\u0131n \u0130\u00e7eri\u011finden Bir K\u0131sm\u0131n\u0131n G\u00f6r\u00fcn\u00fcm\u00fc:<\/strong><\/p>\n<p><strong>12 Mart \u0130stiklal Mar\u015f\u0131&#8217;n\u0131n Kabul\u00fc ve Mehmet Akif Ersoy&#8217;u Anma \u0130l Kutlama Program\u0131 (\u00d6zg\u00fcr AKIN)<\/strong><\/p>\n<p align=\"center\"><span style=\"color: #ff0000;\"><b>2011\u20132012 E\u011e\u0130T\u0130M \u00d6\u011eRET\u0130M YILI<\/b><\/span><\/p>\n<p align=\"center\"><span style=\"color: #ff0000;\"><b>12 MART \u0130ST\u0130KL\u00c2L MAR\u015eI\u2019NIN KABUL\u00dc VE MEHMET AK\u0130F ERSOY\u2019U ANMA G\u00dcN\u00dc KUTLAMA PROGRAMI<\/b><\/span><\/p>\n<p style=\"text-align: justify;\" align=\"center\"><b style=\"font-size: 13px; line-height: 19px;\">Say\u0131n \u2026\u2026\u2026\u2026\u2026\u2026\u2026\u2026..<\/b><\/p>\n<p><b>Say\u0131n \u2026\u2026\u2026\u2026\u2026\u2026\u2026\u2026..<\/b><\/p>\n<p><b>Say\u0131n \u2026\u2026\u2026\u2026\u2026\u2026\u2026\u2026..<\/b><\/p>\n<p><b>Say\u0131n \u2026\u2026\u2026\u2026\u2026\u2026\u2026\u2026..<\/b><\/p>\n<p><b>Say\u0131n \u2026\u2026\u2026\u2026\u2026\u2026\u2026\u2026..<\/b><\/p>\n<p><b>\u00a0<\/b><\/p>\n<p><b>12 Mart \u0130stikl\u00e2l Mar\u015f\u0131\u2019n\u0131n Kabul\u00fc \u2019n\u00fcn 91. y\u0131ld\u00f6n\u00fcm\u00fcn\u00fc ve Mehmet Akif Ersoy\u2019u Anma G\u00fcn\u00fc<\/b><b>\u2018n\u00fc kutlamak \u00fczere toplanm\u0131\u015f bulunuyoruz.<\/b><\/p>\n<p><span style=\"color: #ff0000;\"><b><span style=\"text-decoration: underline;\">Kutlama program\u0131n\u0131 arz ederim.<\/span><\/b><\/span><\/p>\n<ul>\n<li><b>Sayg\u0131 Duru\u015fu ve \u0130stikl\u00e2l Mar\u015f\u0131.<\/b><\/li>\n<li><b>G\u00fcn\u00fcn Anlam ve \u00d6nemini Anlatan Konu\u015fma.<\/b><\/li>\n<li><b>Ordunun Duas\u0131 \u015eiirinin Ney E\u015fli\u011finde Okunmas\u0131<\/b><\/li>\n<li><b>K\u00fcfe \u015eiirinin Canland\u0131r\u0131lmas\u0131.<\/b><\/li>\n<li><b>\u00c7anakkale \u015eehitleri\u2019ne \u015eiirinin Okunmas\u0131.<\/b><\/li>\n<li><b>\u0130stiklal Mar\u015f\u0131 Oratoryosu.<\/b><\/li>\n<\/ul>\n<p><b>\u00a0<\/b>Mustafa Kemal Atat\u00fcrk, \u0130stikl\u00e2l Mar\u015f\u0131 hakk\u0131ndaki g\u00f6r\u00fc\u015flerini \u015fu \u015fekilde belirtmi\u015ftir:<\/p>\n<p>\u201cBu mar\u015f bizim ink\u0131l\u00e2b\u0131m\u0131z\u0131 anlat\u0131r,<\/p>\n<p>\u0130nk\u0131l\u00e2b\u0131m\u0131z\u0131n ruhunu anlat\u0131r.<\/p>\n<p>Bunu ne unutmak ne de unutturmak laz\u0131md\u0131r.<\/p>\n<p>\u0130stiklal Mar\u015f\u0131\u2019nda, istikl\u00e2l davam\u0131z\u0131 anlatmas\u0131 bak\u0131m\u0131ndan b\u00fcy\u00fck manas\u0131 olan m\u0131sralar vard\u0131r. Benim en be\u011fendi\u011fim yeri de buras\u0131d\u0131r:<\/p>\n<p>\u201cHakk\u0131d\u0131r, h\u00fcr ya\u015fam\u0131\u015f bayra\u011f\u0131m\u0131n h\u00fcrriyet;<\/p>\n<p>Hakk\u0131d\u0131r, Hakk\u2019a tapan milletimin istikl\u00e2l\u201d<\/p>\n<p>Benim bu milletten asla unutmamas\u0131n\u0131 istedi\u011fim m\u0131sralar, i\u015fte bunlard\u0131r.<\/p>\n<p>As\u0131rlar boyunca s\u00f6ylenmeli ve b\u00fct\u00fcn yar ve a\u011fyar anlamal\u0131d\u0131r ki, T\u00fcrk\u2019\u00fcn Mete hik\u00e2yesinde oldu\u011fu gibi, her \u015feyi, hatta en mahrem hisleri bile tehlikeye girebilir; fakat h\u00fcrriyeti asla.<\/p>\n<p>Bu pasaj\u0131 her vakit tekrar ettirmek, bunun i\u00e7in l\u00e2z\u0131md\u0131r.<\/p>\n<p>Bu demektir ki efendiler,<\/p>\n<p><span style=\"color: #ff0000;\"><strong>T\u00dcRK\u2019\u00dcN H\u00dcRR\u0130YET\u0130NE DOKUNULAMAZ.\u201d<\/strong><\/span><\/p>\n<h2><span style=\"color: #ff0000;\"><a href=\"http:\/\/www.xn--edebiyatgretmeni-twb.net\/portal\/wp-content\/uploads\/2012\/02\/istiklal.rar\"><span style=\"color: #ff0000;\">Dosyan\u0131n Tamam\u0131n\u0131 \u0130ndirmek \u0130\u00e7in T\u0131klay\u0131n<\/span><\/a><\/span><\/h2>\n","protected":false},"excerpt":{"rendered":"<p>Ekteki Dosyan\u0131n \u0130\u00e7eri\u011finden Bir K\u0131sm\u0131n\u0131n G\u00f6r\u00fcn\u00fcm\u00fc: 12 Mart \u0130stiklal Mar\u015f\u0131&#8217;n\u0131n Kabul\u00fc ve Mehmet Akif Ersoy&#8217;u Anma \u0130l Kutlama Program\u0131 (\u00d6zg\u00fcr AKIN) 2011\u20132012 E\u011e\u0130T\u0130M \u00d6\u011eRET\u0130M YILI [&#8230;]<\/p>\n","protected":false},"author":3,"featured_media":0,"comment_status":"open","ping_status":"open","sticky":false,"template":"","format":"standard","meta":{"footnotes":""},"categories":[31],"tags":[],"class_list":["post-240","post","type-post","status-publish","format-standard","hentry","category-kutlama-anma-programlari"],"_links":{"self":[{"href":"https:\/\/www.xn--edebiyatgretmeni-twb.net\/portal\/wp-json\/wp\/v2\/posts\/240","targetHints":{"allow":["GET"]}}],"collection":[{"href":"https:\/\/www.xn--edebiyatgretmeni-twb.net\/portal\/wp-json\/wp\/v2\/posts"}],"about":[{"href":"https:\/\/www.xn--edebiyatgretmeni-twb.net\/portal\/wp-json\/wp\/v2\/types\/post"}],"author":[{"embeddable":true,"href":"https:\/\/www.xn--edebiyatgretmeni-twb.net\/portal\/wp-json\/wp\/v2\/users\/3"}],"replies":[{"embeddable":true,"href":"https:\/\/www.xn--edebiyatgretmeni-twb.net\/portal\/wp-json\/wp\/v2\/comments?post=240"}],"version-history":[{"count":0,"href":"https:\/\/www.xn--edebiyatgretmeni-twb.net\/portal\/wp-json\/wp\/v2\/posts\/240\/revisions"}],"wp:attachment":[{"href":"https:\/\/www.xn--edebiyatgretmeni-twb.net\/portal\/wp-json\/wp\/v2\/media?parent=240"}],"wp:term":[{"taxonomy":"category","embeddable":true,"href":"https:\/\/www.xn--edebiyatgretmeni-twb.net\/portal\/wp-json\/wp\/v2\/categories?post=240"},{"taxonomy":"post_tag","embeddable":true,"href":"https:\/\/www.xn--edebiyatgretmeni-twb.net\/portal\/wp-json\/wp\/v2\/tags?post=240"}],"curies":[{"name":"wp","href":"https:\/\/api.w.org\/{rel}","templated":true}]}}