{"id":255,"date":"2012-02-23T14:44:23","date_gmt":"2012-02-23T14:44:23","guid":{"rendered":"http:\/\/www.xn--edebiyatgretmeni-twb.net\/portal\/?p=255"},"modified":"2013-02-06T11:17:25","modified_gmt":"2013-02-06T11:17:25","slug":"9-sinif-turk-edebiyati-edebi-turler-konu-anlatimi","status":"publish","type":"post","link":"https:\/\/www.xn--edebiyatgretmeni-twb.net\/portal\/9-sinif-turk-edebiyati-edebi-turler-konu-anlatimi.html","title":{"rendered":"9. S\u0131n\u0131f T\u00fcrk Edebiyat\u0131 Edebi T\u00fcrler Konu Anlat\u0131m\u0131"},"content":{"rendered":"<p><strong>Ekteki Dosyan\u0131n \u0130\u00e7eri\u011finden Bir K\u0131sm\u0131n\u0131n G\u00f6r\u00fcn\u00fcm\u00fc:<\/strong><\/p>\n<p><strong>9. S\u0131n\u0131f T\u00fcrk Edebiyat\u0131 Edebi T\u00fcrler Konu Anlat\u0131m\u0131 (\u015eule YA\u015eAR)<\/strong><\/p>\n<p style=\"text-align: center;\"><span style=\"color: #ff0000;\"><b>ANLATMAYA<\/b> <b>BA\u011eLI<\/b> <b>EDEB\u0130<\/b> <b>MET\u0130NLER\u0130N \u00d6ZELL\u0130KLER\u0130<\/b><\/span><\/p>\n<p><b>1. <\/b>Olay \u00e7evresinde geli\u015fir.<\/p>\n<p><b>2. <\/b>Yap\u0131 unsurlar\u0131 vard\u0131r(olay, ki\u015fi, zaman, yer).<\/p>\n<p><b>3. <\/b>Yazar eserini olu\u015ftururken ilahi, kahraman g\u00f6zlemci bak\u0131\u015f a\u00e7\u0131s\u0131n\u0131 kullan\u0131r.<\/p>\n<p><b>4. <\/b>Betimleme, \u00f6yk\u00fcleme vb. anlat\u0131m t\u00fcrleri kullan\u0131l\u0131r.<\/p>\n<p><b>5. <\/b>Masal, destan, halk hik\u00e2yesi, anonim, s\u00f6zl\u00fc gelenek \u00fcr\u00fcn\u00fc, mesnevi, hik\u00e2ye, roman t\u00fcrleri ise yazar\u0131 belli eserlerdir.<\/p>\n<p><b>6. <\/b>Ki\u015fileri ba\u015fkahraman ve tali karakter ve tip olarak grupland\u0131r\u0131labilir.<\/p>\n<p><b>7. <\/b>Dilin \u015fiirsel i\u015flevi kullan\u0131l\u0131r. Metinler i\u00e7inde dilin di\u011fer i\u015flevleri de vard\u0131r.<\/p>\n<p><b>8. <\/b>Giri\u015f, geli\u015fme, sonu\u00e7 b\u00f6l\u00fcmleri vard\u0131r.<\/p>\n<p><b>9. <\/b>Metnin \u00f6zelli\u011fine g\u00f6re \u00fcslubu da de\u011fi\u015fir.<\/p>\n<p><span style=\"color: #ff0000;\"><b>FABLIN \u00d6ZELL\u0130KLER\u0130:<\/b><\/span><\/p>\n<p><b>1.<\/b> \u0130nsanlar aras\u0131nda cereyan eden olaylar\u0131 hayvanlar bitkiler ya da cans\u0131z varl\u0131klar aras\u0131nda ge\u00e7iyormu\u015f gibi g\u00f6stererek bu yolla insanlara ahlak ve ibret dersi vermek \u00f6rnek g\u00f6stermek ya da bir d\u00fc\u015f\u00fcnceye g\u00fc\u00e7 kazand\u0131rmak isteyen edebi t\u00fcrd\u00fcr.<\/p>\n<p><b>2.<\/b> \u00d6\u011fretici niteliklidir.<br \/>\n<b>3.<\/b> Te\u015fhis ve intak sanatlar\u0131 \u00fczerine kurulmu\u015ftur.<br \/>\n<b>4.<\/b> D\u00fcnya edebiyat\u0131nda ilk ve \u00f6nemli fabllar Hint yazar\u0131 Beydeba\u2019ya aittir. Beydeba&#8217;n\u0131n fabllar\u0131 Kelile ve Dimne adl\u0131 bir eserde toplanm\u0131\u015ft\u0131r. Ezop ve La fontaine\u2019nin fabllar\u0131 vard\u0131r.<br \/>\n<b>5.<\/b> T\u00fcrk\u00e7edeki ilk \u00f6rne\u011fi \u015eeyhi\u2019nin Harname&#8217;sidir.<br \/>\n<b>6.<\/b> Fabllar manzum(\u015fiir) veya nesir(d\u00fcz yaz\u0131) bi\u00e7iminde yaz\u0131labilirler.<\/p>\n<p><b>7.<\/b> Manzum ve sonra mensur olarak s\u00f6ylenip yaz\u0131lm\u0131\u015ft\u0131r.<\/p>\n<p><b>8.<\/b> Kulaktan kula\u011fa yay\u0131larak s\u00f6zl\u00fc anlat\u0131m d\u00f6neminin edebiyat \u00fcr\u00fcnleri olarak insanl\u0131k tarihinde yerini alm\u0131\u015f ve basit, kolay, ahlak ilkelerini \u00f6\u011fretme i\u015flevini y\u00fcklenmi\u015flerdir.<\/p>\n<p><b>9.<\/b> Dil \u015fiirsel i\u015flevde kullan\u0131l\u0131r<\/p>\n<p><b>10.<\/b> Yap\u0131 unsurlar\u0131 (Olay, ki\u015fi, zaman, yer) vard\u0131r.<\/p>\n<p><span style=\"text-decoration: underline; color: #ff0000;\"><strong>Dosyan\u0131n \u0130\u00e7eri\u011fi:<\/strong><\/span><\/p>\n<p><strong>-ANLATMAYA<\/strong> <strong>BA\u011eLI<\/strong> <strong>EDEB\u0130<\/strong> <strong>MET\u0130NLER\u0130N \u00d6ZELL\u0130KLER\u0130<\/strong><br \/>\n<strong>-FABLIN \u00d6ZELL\u0130KLER\u0130<\/strong><br \/>\n<strong>-MASALIN \u00d6ZELL\u0130KLER\u0130<\/strong><br \/>\n&#8211;<strong>Masal-Fabl Kar\u015f\u0131la\u015ft\u0131rmas\u0131<\/strong><br \/>\n&#8211;<strong>DESTANIN \u00d6ZELL\u0130KLER\u0130<\/strong><br \/>\n&#8211;<strong>Masal-Destan kar\u015f\u0131la\u015ft\u0131r\u0131lmas\u0131<\/strong><br \/>\n&#8211;\u00a0<strong>HALK H\u0130K\u00c2YELER\u0130N\u0130N \u00d6ZELL\u0130KLER\u0130<\/strong><br \/>\n&#8211;<strong>Konular\u0131na g\u00f6re halk hik\u00e2yeleri<\/strong><br \/>\n&#8211;<strong>Kaynaklar\u0131 bak\u0131m\u0131ndan halk hik\u00e2yeleri\u00a0<\/strong><br \/>\n&#8211;<strong>Destan ve halk hik\u00e2yesinin kar\u015f\u0131la\u015ft\u0131r\u0131lmas\u0131<\/strong><br \/>\n&#8211;<strong>Halk Hik\u00e2yeleri ile Mesnevinin Kar\u015f\u0131la\u015ft\u0131r\u0131lmas\u0131<\/strong><br \/>\n&#8211;\u00a0<strong>MANZUM H\u0130K\u00c2YEN\u0130N \u00d6ZELL\u0130KLER\u0130<\/strong><br \/>\n&#8211;\u00a0<strong>MESNEV\u0130N\u0130N \u00d6ZELL\u0130KLER\u0130<\/strong><br \/>\n&#8211;\u00a0<strong>Mesnevi ile Manzum Hik\u00e2yenin Kar\u015f\u0131la\u015ft\u0131r\u0131lmas\u0131<\/strong><br \/>\n&#8211;\u00a0<strong>H\u0130K\u00c2YEN\u0130N \u00d6ZELL\u0130KLER\u0130<\/strong><br \/>\n&#8211;\u00a0<strong>G\u00d6STERMEYE BA\u011eLI EDEB\u0130 MET\u0130NLER\u0130N \u00d6ZELL\u0130KLER\u0130<\/strong><br \/>\n&#8211;\u00a0<strong>ANLATMAYA BA\u011eLI EDEB\u0130 MET\u0130NLER \u0130LE G\u00d6STERMEYE BA\u011eLI EDEB\u0130 MET\u0130NLER\u0130N KAR\u015eILA\u015eTIRMASI\u00a0<\/strong><br \/>\n&#8211;\u00a0<strong>H\u0130K\u00c2YE VE ROMANIN KAR\u015eILA\u015eTIRILMASI<\/strong><br \/>\n&#8211; \u00a0<strong>GELENEKSEL T\u00dcRK T\u0130YATROSU \u0130LE MODERN T\u00dcRK T\u0130YATROSUNUN KAR\u015eILA\u015eTIRILMASI\u00a0<\/strong><br \/>\n&#8211;\u00a0<strong>EDEB\u0130YATIMIZDAK\u0130 \u0130LKLER<\/strong><\/p>\n<h2><span style=\"color: #ff0000;\"><strong><a href=\"http:\/\/www.xn--edebiyatgretmeni-twb.net\/portal\/wp-content\/uploads\/2012\/02\/9.sinifedebiyat.rar\"><span style=\"color: #ff0000;\">Dosyan\u0131n Tamam\u0131n\u0131 \u0130ndirmek \u0130\u00e7in T\u0131klay\u0131n<\/span><\/a><\/strong><\/span><\/h2>\n","protected":false},"excerpt":{"rendered":"<p>Ekteki Dosyan\u0131n \u0130\u00e7eri\u011finden Bir K\u0131sm\u0131n\u0131n G\u00f6r\u00fcn\u00fcm\u00fc: 9. S\u0131n\u0131f T\u00fcrk Edebiyat\u0131 Edebi T\u00fcrler Konu Anlat\u0131m\u0131 (\u015eule YA\u015eAR) ANLATMAYA BA\u011eLI EDEB\u0130 MET\u0130NLER\u0130N \u00d6ZELL\u0130KLER\u0130 1. Olay \u00e7evresinde geli\u015fir. [&#8230;]<\/p>\n","protected":false},"author":3,"featured_media":0,"comment_status":"open","ping_status":"open","sticky":false,"template":"","format":"standard","meta":{"footnotes":""},"categories":[33],"tags":[],"class_list":["post-255","post","type-post","status-publish","format-standard","hentry","category-9-sinif-turk-edebiyati"],"_links":{"self":[{"href":"https:\/\/www.xn--edebiyatgretmeni-twb.net\/portal\/wp-json\/wp\/v2\/posts\/255","targetHints":{"allow":["GET"]}}],"collection":[{"href":"https:\/\/www.xn--edebiyatgretmeni-twb.net\/portal\/wp-json\/wp\/v2\/posts"}],"about":[{"href":"https:\/\/www.xn--edebiyatgretmeni-twb.net\/portal\/wp-json\/wp\/v2\/types\/post"}],"author":[{"embeddable":true,"href":"https:\/\/www.xn--edebiyatgretmeni-twb.net\/portal\/wp-json\/wp\/v2\/users\/3"}],"replies":[{"embeddable":true,"href":"https:\/\/www.xn--edebiyatgretmeni-twb.net\/portal\/wp-json\/wp\/v2\/comments?post=255"}],"version-history":[{"count":0,"href":"https:\/\/www.xn--edebiyatgretmeni-twb.net\/portal\/wp-json\/wp\/v2\/posts\/255\/revisions"}],"wp:attachment":[{"href":"https:\/\/www.xn--edebiyatgretmeni-twb.net\/portal\/wp-json\/wp\/v2\/media?parent=255"}],"wp:term":[{"taxonomy":"category","embeddable":true,"href":"https:\/\/www.xn--edebiyatgretmeni-twb.net\/portal\/wp-json\/wp\/v2\/categories?post=255"},{"taxonomy":"post_tag","embeddable":true,"href":"https:\/\/www.xn--edebiyatgretmeni-twb.net\/portal\/wp-json\/wp\/v2\/tags?post=255"}],"curies":[{"name":"wp","href":"https:\/\/api.w.org\/{rel}","templated":true}]}}