{"id":32,"date":"2011-10-23T19:40:27","date_gmt":"2011-10-23T19:40:27","guid":{"rendered":"http:\/\/www.xn--edebiyatgretmeni-twb.net\/portal\/?p=32"},"modified":"2023-08-22T16:25:59","modified_gmt":"2023-08-22T16:25:59","slug":"siir-dili-ve-siirde-ahenk","status":"publish","type":"post","link":"https:\/\/www.xn--edebiyatgretmeni-twb.net\/portal\/siir-dili-ve-siirde-ahenk.html","title":{"rendered":"\u015eiir Dili ve \u015eiirde Ahenk"},"content":{"rendered":"<p><strong>Ekteki Dosyan\u0131n \u0130\u00e7eri\u011finden Bir K\u0131sm\u0131n\u0131n G\u00f6r\u00fcn\u00fcm\u00fc:<\/strong><\/p>\n<p><strong>\u015eiir Dili ve \u015eiirde Ahenk Konu Anlat\u0131m\u0131\u00a0(Volkan K\u0130RANTA)<\/strong><\/p>\n<p align=\"center\"><span style=\"color: #ff0000;\"><b>\u015e\u0130\u0130R D\u0130L\u0130<\/b><\/span><\/p>\n<p><span style=\"color: #ff0000;\"><b>\u015eiir dilini do\u011fal dilden ay\u0131ran \u00f6zellikler nelerdir?<\/b><\/span><\/p>\n<p>\u2022 \u015eiir dilinde kelimeler genellikle ger\u00e7ek anlam\u0131n\u0131n d\u0131\u015f\u0131nda kullan\u0131l\u0131r.<\/p>\n<p>\u2022 \u015eiir dilinde imge vard\u0131r, g\u00fcnl\u00fck dilde imge yoktur.<\/p>\n<p>\u2022 \u015eiir dili, g\u00fcnl\u00fck dilin \u00f6zelliklerini bar\u0131nd\u0131r\u0131r; ancak g\u00fcnl\u00fck dili s\u00f6z sanatlar\u0131 ve imge kullanarak a\u015far.<\/p>\n<p>\u2022 \u015eiir dilinde az s\u00f6zle \u00e7ok \u015fey anlatmak ama\u00e7lan\u0131r. B\u00f6yle bir durum g\u00fcnl\u00fck dilde yoktur.<\/p>\n<p>\u2022 \u015eiir dilinde s\u00f6z sanatlar\u0131 yo\u011fun ve etkili bir \u015fekilde kullan\u0131l\u0131r.<\/p>\n<p><b>\u0130mge:<\/b> \u015eairin zihninde tasarlad\u0131\u011f\u0131 hayali d\u00fc\u015f\u00fcncelerin \u015fiir diline yans\u0131malar\u0131na imge denir.<\/p>\n<p>Bir mavi balon mudur bu yaz<br \/>\n\u0130\u00e7i sevda dolu yolculuk<\/p>\n<p><span style=\"color: #ff0000;\"><b><span style=\"text-decoration: underline;\">1.)MECAZ<\/span><\/b><\/span><\/p>\n<p>Bir s\u00f6zc\u00fc\u011f\u00fcn ger\u00e7ek anlamlar\u0131ndan (temel ve yan anlamlar\u0131ndan) s\u0131yr\u0131larak, ba\u015fka bir s\u00f6zc\u00fc\u011f\u00fcn yerinde kullan\u0131lmas\u0131d\u0131r.<b><\/b><\/p>\n<p>* &#8220;Bu i\u015f\u00e7i biraz daha <b>pi\u015fmek<\/b> ister.&#8221; (soyut; olgunla\u015fmak anlam\u0131nda)<\/p>\n<p>* Bar\u0131\u015f umutlar\u0131 <b>ye\u015ferdi<\/b>.&#8221; (soyut; olu\u015fmak anlam\u0131nda)<\/p>\n<p>* &#8220;Serin ama<b> tatl\u0131<\/b> bir ilkbahar ak\u015fam\u0131yd\u0131.&#8221; (soyut; ho\u015f anlam\u0131nda)<\/p>\n<p><span style=\"color: #ff0000;\"><b><span style=\"text-decoration: underline;\">2.)MECAZ-I M\u00dcRSEL<\/span><\/b><\/span><\/p>\n<p>Benzetme ilgisi s\u00f6z konusu olmadan, ba\u015fka baz\u0131 ilgilerle, bir s\u00f6z\u00fcn ba\u015fka bir s\u00f6z yerine kullan\u0131lmas\u0131yla olu\u015fturulan mecazlard\u0131r.<\/p>\n<p><span style=\"font-size: 13px; line-height: 19px;\">Annem<\/span><b style=\"font-size: 13px; line-height: 19px;\"> sobay\u0131<\/b><span style=\"font-size: 13px; line-height: 19px;\"> yakt\u0131. ( i\u00e7-d\u0131\u015f ili\u015fkisi)<\/span><\/p>\n<p>Vapur <b>Pendik\u2019e <\/b>yana\u015ft\u0131. ( par\u00e7a- b\u00fct\u00fcn)<\/p>\n<p>Bahar aylar\u0131nda <b>rahmet<\/b> d\u00fc\u015fmezse \u00fcr\u00fcn iyi olmaz. (neden- sonu\u00e7)<\/p>\n<p>\u015eehit haberlerine <b>Anadolu <\/b>kan a\u011fl\u0131yordu. (neden- sonu\u00e7)<\/p>\n<p>D\u00fcn <b>Orhan Veli\u2019yi<\/b> okudum. (sanat\u00e7\u0131- eser)<\/p>\n<h2><a href=\"http:\/\/www.xn--edebiyatgretmeni-twb.net\/portal\/wp-content\/uploads\/siirdili-siirde-ahenk.zip\"><strong><span style=\"color: #ff0000;\">Dosyan\u0131n Tamam\u0131n\u0131 \u0130ndirmek \u0130\u00e7in T\u0131klay\u0131<\/span><\/strong><span style=\"color: #ff0000;\">n<\/span><\/a><\/h2>\n","protected":false},"excerpt":{"rendered":"<p>Ekteki Dosyan\u0131n \u0130\u00e7eri\u011finden Bir K\u0131sm\u0131n\u0131n G\u00f6r\u00fcn\u00fcm\u00fc: \u015eiir Dili ve \u015eiirde Ahenk Konu Anlat\u0131m\u0131\u00a0(Volkan K\u0130RANTA) \u015e\u0130\u0130R D\u0130L\u0130 \u015eiir dilini do\u011fal dilden ay\u0131ran \u00f6zellikler nelerdir? \u2022 \u015eiir [&#8230;]<\/p>\n","protected":false},"author":3,"featured_media":0,"comment_status":"open","ping_status":"open","sticky":false,"template":"","format":"standard","meta":{"footnotes":""},"categories":[21],"tags":[],"class_list":["post-32","post","type-post","status-publish","format-standard","hentry","category-siir-bilgisi"],"_links":{"self":[{"href":"https:\/\/www.xn--edebiyatgretmeni-twb.net\/portal\/wp-json\/wp\/v2\/posts\/32","targetHints":{"allow":["GET"]}}],"collection":[{"href":"https:\/\/www.xn--edebiyatgretmeni-twb.net\/portal\/wp-json\/wp\/v2\/posts"}],"about":[{"href":"https:\/\/www.xn--edebiyatgretmeni-twb.net\/portal\/wp-json\/wp\/v2\/types\/post"}],"author":[{"embeddable":true,"href":"https:\/\/www.xn--edebiyatgretmeni-twb.net\/portal\/wp-json\/wp\/v2\/users\/3"}],"replies":[{"embeddable":true,"href":"https:\/\/www.xn--edebiyatgretmeni-twb.net\/portal\/wp-json\/wp\/v2\/comments?post=32"}],"version-history":[{"count":2,"href":"https:\/\/www.xn--edebiyatgretmeni-twb.net\/portal\/wp-json\/wp\/v2\/posts\/32\/revisions"}],"predecessor-version":[{"id":1059,"href":"https:\/\/www.xn--edebiyatgretmeni-twb.net\/portal\/wp-json\/wp\/v2\/posts\/32\/revisions\/1059"}],"wp:attachment":[{"href":"https:\/\/www.xn--edebiyatgretmeni-twb.net\/portal\/wp-json\/wp\/v2\/media?parent=32"}],"wp:term":[{"taxonomy":"category","embeddable":true,"href":"https:\/\/www.xn--edebiyatgretmeni-twb.net\/portal\/wp-json\/wp\/v2\/categories?post=32"},{"taxonomy":"post_tag","embeddable":true,"href":"https:\/\/www.xn--edebiyatgretmeni-twb.net\/portal\/wp-json\/wp\/v2\/tags?post=32"}],"curies":[{"name":"wp","href":"https:\/\/api.w.org\/{rel}","templated":true}]}}