{"id":511,"date":"2012-09-27T13:14:51","date_gmt":"2012-09-27T13:14:51","guid":{"rendered":"http:\/\/www.xn--edebiyatgretmeni-twb.net\/portal\/?p=511"},"modified":"2013-02-06T09:26:36","modified_gmt":"2013-02-06T09:26:36","slug":"skec-kurban-oldugumun-3-gsi","status":"publish","type":"post","link":"https:\/\/www.xn--edebiyatgretmeni-twb.net\/portal\/skec-kurban-oldugumun-3-gsi.html","title":{"rendered":"Ske\u00e7: Kurban Oldu\u011fumun 3 G&#8217;si"},"content":{"rendered":"<p><strong>Ekteki Dosyan\u0131n Tamam\u0131n\u0131 \u0130ndirmek \u0130\u00e7in T\u0131klay\u0131n<\/strong><\/p>\n<p><strong>Ske\u00e7: Kurban Oldu\u011fumun 3 G&#8217;si (Hasan Salih G\u00fcnd\u00fcz)<\/strong><\/p>\n<p align=\"center\"><span style=\"color: #ff0000;\"><b>KURBAN OLDU\u011eUMUN 3G\u2019S\u0130<\/b><\/span><\/p>\n<p style=\"text-align: justify;\" align=\"center\"><span style=\"color: #ff0000;\"><b>(Meryem, Hasan ve bebek \u00c7anakkale\u2019deki evlerinde; Baba, \u0130brahim, Kasap ve ko\u00e7 -koyun postuna b\u00fcr\u00fcnm\u00fc\u015f bir \u00f6\u011frenci olacak- ise Bursa\u2019daevlerinin arka bah\u00e7esinde)<\/b><\/span><\/p>\n<p><b><i>\u00a0(Radyoda Kadifeden Kesesi -\u0130stanbul \u00c7iftetellisi- \u00e7almaktad\u0131r. Kad\u0131n evde i\u015flenmektedir, o ara kap\u0131 \u00e7alar.)<\/i><\/b><\/p>\n<p>MERYEM: Ho\u015f geldin Hasan. Allah kabul etsin.<\/p>\n<p>HASAN: Ho\u015f bulduk hatun. Amin, amin. Sa\u011fol.<\/p>\n<p>MERYEM: Camide yer bulabilmi\u015fsindir in\u015fallah. Aman yine \u00fc\u015f\u00fct\u00fcp hasta olma da\u2026<\/p>\n<p>HASAN: Yok yok, vakitlice gittim ya, i\u00e7erideydim. E l\u00e2f\u0131 daha fazla uzatmadan bayramla\u015fal\u0131m istersen\u2026<\/p>\n<p>MERYEM: Bayram\u0131n m\u00fcbarek olsun hayat\u0131m. <b><i>(Birbirlerine sar\u0131l\u0131p yanak yana\u011fa \u00f6p\u00fc\u015f\u00fcrler.)<\/i><\/b><\/p>\n<p>HASAN: Senin de bayram\u0131n m\u00fcbarek olsun kar\u0131c\u0131\u011f\u0131m. Nice bayramlara in\u015fallah\u2026<\/p>\n<p>MERYEM: Hep beraber, sa\u011fl\u0131kla ve afiyetle\u2026 Hasan, afiyetle dedim de\u2026 Bizim kurban i\u015fi ne oldu? Ne zaman kesilecek?<\/p>\n<p>HASAN: \u0130brahim arar birazdan. Sen karde\u015fimin huyunu bilmiyor musun, namazdan \u00e7\u0131kar \u00e7\u0131kmaz kasab\u0131 rehin alm\u0131\u015ft\u0131r kesin. Adam\u0131n her i\u015fi pald\u0131r k\u00fcld\u00fcr, kurban\u0131 da erkenden kestirir kerata.<\/p>\n<p>MERYEM: Do\u011fru ya\u2026 \u0130badeti de aceleye getirir bu \u00e7ocuk.<\/p>\n<p>HASAN: K\u0131z\u0131m nerede annesi?<\/p>\n<p>MERYEM: \u0130\u00e7eride babas\u0131\u2026 Az \u00f6nce alt\u0131n\u0131 ald\u0131m, bayraml\u0131k cicilerini de giydirdim, \u00f6ylece uyuyup kald\u0131.<\/p>\n<p>HASAN: K\u0131z\u0131m\u0131n ilk bayram\u0131 annesi\u2026 K\u0131rk\u0131 \u00e7\u0131ksayd\u0131 giderdik memlekete, kurban\u0131m\u0131z\u0131 c\u00fcmb\u00fcr cemaat keserdik ya neyse\u2026 Yavrumuzun sa\u011fl\u0131\u011f\u0131 ve keyfi her \u015feyden \u00f6nemli\u2026<\/p>\n<h2><span style=\"color: #ff0000;\"><strong><a href=\"http:\/\/www.xn--edebiyatgretmeni-twb.net\/portal\/wp-content\/uploads\/2012\/09\/3-Kurban-Oldu%C4%9Fumun-3Gsi.doc\"><span style=\"color: #ff0000;\">Dosyan\u0131n Tamam\u0131n\u0131 \u0130ndirmek \u0130\u00e7in T\u0131klay\u0131n<\/span><\/a><\/strong><\/span><\/h2>\n","protected":false},"excerpt":{"rendered":"<p>Ekteki Dosyan\u0131n Tamam\u0131n\u0131 \u0130ndirmek \u0130\u00e7in T\u0131klay\u0131n Ske\u00e7: Kurban Oldu\u011fumun 3 G&#8217;si (Hasan Salih G\u00fcnd\u00fcz) KURBAN OLDU\u011eUMUN 3G\u2019S\u0130 (Meryem, Hasan ve bebek \u00c7anakkale\u2019deki evlerinde; Baba, \u0130brahim, [&#8230;]<\/p>\n","protected":false},"author":3,"featured_media":0,"comment_status":"open","ping_status":"open","sticky":false,"template":"","format":"standard","meta":{"footnotes":""},"categories":[22],"tags":[],"class_list":["post-511","post","type-post","status-publish","format-standard","hentry","category-skec-tiyatro"],"_links":{"self":[{"href":"https:\/\/www.xn--edebiyatgretmeni-twb.net\/portal\/wp-json\/wp\/v2\/posts\/511","targetHints":{"allow":["GET"]}}],"collection":[{"href":"https:\/\/www.xn--edebiyatgretmeni-twb.net\/portal\/wp-json\/wp\/v2\/posts"}],"about":[{"href":"https:\/\/www.xn--edebiyatgretmeni-twb.net\/portal\/wp-json\/wp\/v2\/types\/post"}],"author":[{"embeddable":true,"href":"https:\/\/www.xn--edebiyatgretmeni-twb.net\/portal\/wp-json\/wp\/v2\/users\/3"}],"replies":[{"embeddable":true,"href":"https:\/\/www.xn--edebiyatgretmeni-twb.net\/portal\/wp-json\/wp\/v2\/comments?post=511"}],"version-history":[{"count":0,"href":"https:\/\/www.xn--edebiyatgretmeni-twb.net\/portal\/wp-json\/wp\/v2\/posts\/511\/revisions"}],"wp:attachment":[{"href":"https:\/\/www.xn--edebiyatgretmeni-twb.net\/portal\/wp-json\/wp\/v2\/media?parent=511"}],"wp:term":[{"taxonomy":"category","embeddable":true,"href":"https:\/\/www.xn--edebiyatgretmeni-twb.net\/portal\/wp-json\/wp\/v2\/categories?post=511"},{"taxonomy":"post_tag","embeddable":true,"href":"https:\/\/www.xn--edebiyatgretmeni-twb.net\/portal\/wp-json\/wp\/v2\/tags?post=511"}],"curies":[{"name":"wp","href":"https:\/\/api.w.org\/{rel}","templated":true}]}}