{"id":554,"date":"2012-11-01T15:57:11","date_gmt":"2012-11-01T15:57:11","guid":{"rendered":"http:\/\/www.xn--edebiyatgretmeni-twb.net\/portal\/?p=554"},"modified":"2014-10-18T21:50:19","modified_gmt":"2014-10-18T21:50:19","slug":"dillerin-siniflandirmasi-tablosu","status":"publish","type":"post","link":"https:\/\/www.xn--edebiyatgretmeni-twb.net\/portal\/dillerin-siniflandirmasi-tablosu.html","title":{"rendered":"Dillerin S\u0131n\u0131fland\u0131rmas\u0131 Tablosu"},"content":{"rendered":"<p><strong>Ekteki Dosyan\u0131n \u0130\u00e7eri\u011finden Bir K\u0131sm\u0131n\u0131n G\u00f6r\u00fcn\u00fcm\u00fc:<\/strong><\/p>\n<p><strong>Dillerin S\u0131n\u0131fland\u0131rmas\u0131 Tablosu (\u0130smail \u015eekero\u011flu)<\/strong><\/p>\n<h2><strong><span style=\"color: #ff0000;\"><a href=\"http:\/\/www.xn--edebiyatgretmeni-twb.net\/portal\/wp-content\/uploads\/2012\/11\/Dillerin-s%C4%B1n%C4%B1fland%C4%B1rmas%C4%B1.doc\"><span style=\"color: #ff0000;\">Dosyan\u0131n Tamam\u0131n\u0131 \u0130ndirmek \u0130\u00e7in T\u0131klay\u0131n<\/span><\/a><\/span><\/strong><\/h2>\n<p><strong>Dosyan\u0131n \u0130\u00e7eri\u011fi:<\/strong> <span style=\"color: #888888;\">\u0130ngilizce, Frans\u0131zca, Almanca, \u00c7ince, T\u00fcrk\u00e7e hangi dil ailesinde yer al\u0131r, ural altay dil ailesi, eklemeli diller, \u00e7ekimli diller, b\u00fck\u00fcml\u00fc diller, tek heceli diller, sondan eklemeli diller, k\u00f6ken bak\u0131m\u0131ndan dil aileleri, yap\u0131 bak\u0131m\u0131ndan dil aileleri, Hint-Avrupa Dilleri Hami-Sami Dilleri \u00c7in-Tibet Dilleri Bantu Dil Ailesi Ural-Altay Dil Ailesi,Hint \u0130ran Dilleri Latin Dilleri Germen Dilleri \u0130slav(Slav) Dilleri, Hint Dilleri \u0130ran Dilleri, T\u00fcrk\u00e7enin geli\u015fim evreleri, T\u00fcrklerin en \u00e7ok kulland\u0131\u011f\u0131 alfabeler s\u0131ras\u0131yla<\/span><\/p>\n","protected":false},"excerpt":{"rendered":"<p>Ekteki Dosyan\u0131n \u0130\u00e7eri\u011finden Bir K\u0131sm\u0131n\u0131n G\u00f6r\u00fcn\u00fcm\u00fc: Dillerin S\u0131n\u0131fland\u0131rmas\u0131 Tablosu (\u0130smail \u015eekero\u011flu) Dosyan\u0131n Tamam\u0131n\u0131 \u0130ndirmek \u0130\u00e7in T\u0131klay\u0131n Dosyan\u0131n \u0130\u00e7eri\u011fi: \u0130ngilizce, Frans\u0131zca, Almanca, \u00c7ince, T\u00fcrk\u00e7e hangi dil [&#8230;]<\/p>\n","protected":false},"author":3,"featured_media":0,"comment_status":"open","ping_status":"open","sticky":false,"template":"","format":"standard","meta":{"footnotes":""},"categories":[26],"tags":[],"class_list":["post-554","post","type-post","status-publish","format-standard","hentry","category-9-sinif-dil-ve-anlatim"],"_links":{"self":[{"href":"https:\/\/www.xn--edebiyatgretmeni-twb.net\/portal\/wp-json\/wp\/v2\/posts\/554","targetHints":{"allow":["GET"]}}],"collection":[{"href":"https:\/\/www.xn--edebiyatgretmeni-twb.net\/portal\/wp-json\/wp\/v2\/posts"}],"about":[{"href":"https:\/\/www.xn--edebiyatgretmeni-twb.net\/portal\/wp-json\/wp\/v2\/types\/post"}],"author":[{"embeddable":true,"href":"https:\/\/www.xn--edebiyatgretmeni-twb.net\/portal\/wp-json\/wp\/v2\/users\/3"}],"replies":[{"embeddable":true,"href":"https:\/\/www.xn--edebiyatgretmeni-twb.net\/portal\/wp-json\/wp\/v2\/comments?post=554"}],"version-history":[{"count":0,"href":"https:\/\/www.xn--edebiyatgretmeni-twb.net\/portal\/wp-json\/wp\/v2\/posts\/554\/revisions"}],"wp:attachment":[{"href":"https:\/\/www.xn--edebiyatgretmeni-twb.net\/portal\/wp-json\/wp\/v2\/media?parent=554"}],"wp:term":[{"taxonomy":"category","embeddable":true,"href":"https:\/\/www.xn--edebiyatgretmeni-twb.net\/portal\/wp-json\/wp\/v2\/categories?post=554"},{"taxonomy":"post_tag","embeddable":true,"href":"https:\/\/www.xn--edebiyatgretmeni-twb.net\/portal\/wp-json\/wp\/v2\/tags?post=554"}],"curies":[{"name":"wp","href":"https:\/\/api.w.org\/{rel}","templated":true}]}}