{"id":588,"date":"2012-11-24T23:21:46","date_gmt":"2012-11-24T23:21:46","guid":{"rendered":"http:\/\/www.xn--edebiyatgretmeni-twb.net\/portal\/?p=588"},"modified":"2014-04-21T16:58:57","modified_gmt":"2014-04-21T16:58:57","slug":"islamiyet-oncesi-turk-edebiyati-ders-notlari","status":"publish","type":"post","link":"https:\/\/www.xn--edebiyatgretmeni-twb.net\/portal\/islamiyet-oncesi-turk-edebiyati-ders-notlari.html","title":{"rendered":"\u0130slamiyet \u00d6ncesi T\u00fcrk Edebiyat\u0131 Ders Notlar\u0131"},"content":{"rendered":"<p><strong>Ekte ki Dosyan\u0131n \u0130\u00e7eri\u011finden Bir K\u0131sm\u0131n\u0131n G\u00f6r\u00fcn\u00fcm\u00fc:<\/strong><\/p>\n<p><strong>\u0130slamiyet \u00d6ncesi T\u00fcrk Edebiyat\u0131 Ders Notlar\u0131 (\u0130smail \u015eEKERO\u011eLU)<\/strong><\/p>\n<p align=\"center\"><span style=\"color: #ff0000;\"><b><span style=\"text-decoration: underline;\">\u0130SLAM\u0130YET \u00d6NCES\u0130 T\u00dcRK EDEB\u0130YATI (DESTAN D\u00d6NEM\u0130 T\u00dcRK EDEB\u0130YATI) <\/span><\/b><b>(?-11.yy.)<\/b><\/span><\/p>\n<ol>\n<li><span style=\"color: #ff0000;\"><b>1.\u00a0\u00a0\u00a0\u00a0\u00a0 <\/b><b>S\u00d6ZL\u00dc EDEB\u0130YAT<\/b><\/span><\/li>\n<\/ol>\n<ul>\n<li><b>A.\u00a0\u00a0\u00a0\u00a0 <\/b>KO\u015eUK<\/li>\n<li><b>B.\u00a0\u00a0\u00a0\u00a0 <\/b>SAGU<\/li>\n<li><b>C.\u00a0\u00a0\u00a0\u00a0 <\/b>SAV<\/li>\n<li><b>D.\u00a0\u00a0\u00a0\u00a0 <\/b>DESTAN<span style=\"font-size: 13px; line-height: 19px;\">\u00a0<\/span><\/li>\n<\/ul>\n<ol>\n<li><span style=\"color: #ff0000;\"><b>2.\u00a0\u00a0\u00a0\u00a0\u00a0 <\/b><b>YAZILI EDEB\u0130YAT<\/b><\/span><\/li>\n<\/ol>\n<ul>\n<li><b>A.\u00a0\u00a0\u00a0\u00a0 <\/b>YEN\u0130SEY YAZITLARI<\/li>\n<\/ul>\n<ul>\n<li><b>B.\u00a0\u00a0\u00a0\u00a0 <\/b>ORHUN YAZITLARI(G\u00d6KT\u00dcRK AB\u0130DELER\u0130)<\/li>\n<li><b>C.\u00a0\u00a0\u00a0\u00a0 <\/b>D\u0130N\u0130 MET\u0130NLER<\/li>\n<\/ul>\n<p><span style=\"color: #ff0000;\">\u00a0<b>1.\u00a0\u00a0\u00a0\u00a0\u00a0 <\/b><b><span style=\"text-decoration: underline;\">S\u00d6ZL\u00dc EDEB\u0130YAT<\/span><\/b><\/span><\/p>\n<p>M.S. VIII. y\u00fczy\u0131la gelinceye kadar T\u00fcrklerin hen\u00fcz yaz\u0131y\u0131 kullanmad\u0131klar\u0131 d\u00f6nemdeki edebiyatt\u0131r. Bu d\u00f6nem edebiyat\u0131, s\u00f6zl\u00fc olarak \u00fcretilmi\u015f ve kulaktan kula\u011fa yay\u0131larak varl\u0131\u011f\u0131n\u0131 s\u00fcrd\u00fcrm\u00fc\u015ft\u00fcr. Bu d\u00f6nemde edebiyat\u0131m\u0131z\u0131 \u015eamanizm, Maniheizm, Budizm gibi dinler etkilemi\u015ftir.<\/p>\n<p><span style=\"color: #ff0000;\">\u00a0<b>Genel \u00f6zellikleri:<\/b><\/span><\/p>\n<ul>\n<li><b>1-<\/b>Bu d\u00f6nem edebiyat\u0131 m\u00fczik e\u015fli\u011finde (\u201ckopuz\u201d ad\u0131 verilen sazla) dile getirilmi\u015ftir.<\/li>\n<li><b>2-<\/b>\u00d6l\u00e7\u00fc, ulusal \u00f6l\u00e7\u00fcm\u00fcz olan \u201chece\u201d \u00f6l\u00e7\u00fcs\u00fcd\u00fcr.<\/li>\n<li><b>3-<\/b>Naz\u0131m birimi d\u00f6rtl\u00fckt\u00fcr.<\/li>\n<li><b>4-<\/b>D\u00f6nemine g\u00f6re ar\u0131 bir dili vard\u0131r.<\/li>\n<li><b>5-<\/b>Dizelere genel olarak yar\u0131m uyak h\u00e2kimdir.<\/li>\n<li><b>6-<\/b>Daha \u00e7ok do\u011fa, a\u015fk ve \u00f6l\u00fcm konular\u0131 i\u015flenmi\u015ftir.<\/li>\n<li><b>7-<\/b>Bu d\u00f6neme y\u00f6nelik elimizdeki en \u00f6nemli ve eski kaynak Ka\u015fgarl\u0131 Mahmut\u2019un \u201cDivan-\u0131 L\u00fcgat-it T\u00fcrk\u201d adl\u0131 eseridir.<\/li>\n<\/ul>\n<p><span style=\"color: #ff0000;\"><b><span style=\"text-decoration: underline;\">KO\u015eUK:<\/span><\/b><\/span><\/p>\n<p>\u201cS\u0131\u011f\u0131r\u201d denilen s\u00fcrek avlar\u0131 s\u0131ras\u0131nda s\u00f6ylenen \u015fiirlerdir. Konusu daha \u00e7ok do\u011fa, a\u015fk, sava\u015f ve yi\u011fitliktir. Halk edebiyat\u0131ndaki kar\u015f\u0131l\u0131\u011f\u0131 \u201cko\u015fma\u201d , Divan edebiyat\u0131ndaki kar\u015f\u0131l\u0131\u011f\u0131 ise \u2018\u2019gazel\u2019\u2019dir.<\/p>\n<h2><strong><span style=\"color: #ff0000;\"><a href=\"http:\/\/www.xn--edebiyatgretmeni-twb.net\/portal\/wp-content\/uploads\/2012\/11\/%C4%B0slamiyet.zip\"><span style=\"color: #ff0000;\">Dosyan\u0131n Tamam\u0131n\u0131 \u0130ndirmek \u0130\u00e7in T\u0131klay\u0131n<\/span><\/a><\/span><\/strong><\/h2>\n","protected":false},"excerpt":{"rendered":"<p>Ekte ki Dosyan\u0131n \u0130\u00e7eri\u011finden Bir K\u0131sm\u0131n\u0131n G\u00f6r\u00fcn\u00fcm\u00fc: \u0130slamiyet \u00d6ncesi T\u00fcrk Edebiyat\u0131 Ders Notlar\u0131 (\u0130smail \u015eEKERO\u011eLU) \u0130SLAM\u0130YET \u00d6NCES\u0130 T\u00dcRK EDEB\u0130YATI (DESTAN D\u00d6NEM\u0130 T\u00dcRK EDEB\u0130YATI) (?-11.yy.) 1.\u00a0\u00a0\u00a0\u00a0\u00a0 [&#8230;]<\/p>\n","protected":false},"author":3,"featured_media":0,"comment_status":"open","ping_status":"open","sticky":false,"template":"","format":"standard","meta":{"footnotes":""},"categories":[37,33,40],"tags":[],"class_list":["post-588","post","type-post","status-publish","format-standard","hentry","category-10-sinif-edebiyat","category-9-sinif-turk-edebiyati","category-begenilen-sayfalarimiz"],"_links":{"self":[{"href":"https:\/\/www.xn--edebiyatgretmeni-twb.net\/portal\/wp-json\/wp\/v2\/posts\/588","targetHints":{"allow":["GET"]}}],"collection":[{"href":"https:\/\/www.xn--edebiyatgretmeni-twb.net\/portal\/wp-json\/wp\/v2\/posts"}],"about":[{"href":"https:\/\/www.xn--edebiyatgretmeni-twb.net\/portal\/wp-json\/wp\/v2\/types\/post"}],"author":[{"embeddable":true,"href":"https:\/\/www.xn--edebiyatgretmeni-twb.net\/portal\/wp-json\/wp\/v2\/users\/3"}],"replies":[{"embeddable":true,"href":"https:\/\/www.xn--edebiyatgretmeni-twb.net\/portal\/wp-json\/wp\/v2\/comments?post=588"}],"version-history":[{"count":0,"href":"https:\/\/www.xn--edebiyatgretmeni-twb.net\/portal\/wp-json\/wp\/v2\/posts\/588\/revisions"}],"wp:attachment":[{"href":"https:\/\/www.xn--edebiyatgretmeni-twb.net\/portal\/wp-json\/wp\/v2\/media?parent=588"}],"wp:term":[{"taxonomy":"category","embeddable":true,"href":"https:\/\/www.xn--edebiyatgretmeni-twb.net\/portal\/wp-json\/wp\/v2\/categories?post=588"},{"taxonomy":"post_tag","embeddable":true,"href":"https:\/\/www.xn--edebiyatgretmeni-twb.net\/portal\/wp-json\/wp\/v2\/tags?post=588"}],"curies":[{"name":"wp","href":"https:\/\/api.w.org\/{rel}","templated":true}]}}