{"id":614,"date":"2012-11-25T12:08:37","date_gmt":"2012-11-25T12:08:37","guid":{"rendered":"http:\/\/www.xn--edebiyatgretmeni-twb.net\/portal\/?p=614"},"modified":"2016-07-08T18:44:25","modified_gmt":"2016-07-08T18:44:25","slug":"servet-i-funun-edebiyati-ders-notlari","status":"publish","type":"post","link":"https:\/\/www.xn--edebiyatgretmeni-twb.net\/portal\/servet-i-funun-edebiyati-ders-notlari.html","title":{"rendered":"Servet-i F\u00fcnun Edebiyat\u0131 Ders Notlar\u0131"},"content":{"rendered":"<p><strong>Ekteki Dosyan\u0131n \u0130\u00e7eri\u011finden Bir K\u0131sm\u0131n\u0131n G\u00f6r\u00fcn\u00fcm\u00fc:<\/strong><\/p>\n<p><strong>Servet-i F\u00fcnun Edebiyat\u0131 Ders Notlar\u0131 (\u0130smail \u015eEKERO\u011eLU)<\/strong><\/p>\n<p align=\"center\"><span style=\"color: #ff0000;\"><b><span style=\"text-decoration: underline;\">SERVET-\u0130 F\u00dcNUN EDEB\u0130YATI (EDEB\u0130YAT-I CED\u0130DE) &#8211; (1896-1901)<\/span><\/b><\/span><\/p>\n<p><b>\u00a0<\/b><b>\u015eifre:<\/b> SHT HCM<\/p>\n<p><b>Okunu\u015fu:<\/b> SaHTe HaCiM<\/p>\n<p><b>A\u00e7\u0131l\u0131m\u0131:<\/b> <b><span style=\"text-decoration: underline;\">S<\/span><\/b>\u00fcleyman Nazif, <b><span style=\"text-decoration: underline;\">H<\/span><\/b>alit Ziya U\u015fakl\u0131gil, <b><span style=\"text-decoration: underline;\">T<\/span><\/b>evfik Fikret, <b><span style=\"text-decoration: underline;\">H<\/span><\/b>\u00fcseyin Cahit Yal\u00e7\u0131n, <b><span style=\"text-decoration: underline;\">C<\/span><\/b>enap \u015eahabettin, <b><span style=\"text-decoration: underline;\">M<\/span><\/b>ehmet Rauf<\/p>\n<p><b><span style=\"text-decoration: underline;\">\u015eiirde:<\/span><\/b> Tevfik Fikret, Cenap \u015eahabettin<\/p>\n<p><b><span style=\"text-decoration: underline;\">Nesirde:<\/span><\/b> Halit Ziya U\u015fakl\u0131gil, Mehmet Rauf, H\u00fcseyin Cahit Yal\u00e7\u0131n, S\u00fcleyman Nazif(naz\u0131m-nesir)<\/p>\n<p><b><span style=\"text-decoration: underline;\">Bunlar\u0131n yan\u0131 s\u0131ra<\/span><\/b> Celal Sahir Erozan, Ahmet Hikmet M\u00fcft\u00fco\u011flu, H\u00fcseyin Suat, H\u00fcseyin Siret,\u00a0\u00a0 \u00a0Faik Ali Ozansoy, Ali Ekrem Bolay\u0131r, \u0130smail Safa \u00d6zler, Ahmet \u015euayp, S\u00fcleyman Nesip gibi isimler de bu d\u00f6nemin sanat\u00e7\u0131lar\u0131 aras\u0131nda yer al\u0131r.<\/p>\n<p><b><span style=\"text-decoration: underline;\">Uyar\u0131:<\/span><\/b><b> <\/b>H\u00fcseyin Rahmi G\u00fcrp\u0131nar ve Ahmet Rasim bu d\u00f6nemde ya\u015famalar\u0131na kar\u015f\u0131n ba\u011f\u0131ms\u0131z kalm\u0131\u015flard\u0131r.<b><\/b><\/p>\n<p style=\"text-align: left;\"><span style=\"color: #ff0000;\"><b>\u00a0<\/b><b>SERVET-\u0130 F\u00dcNUN (EDEB\u0130YAT-I CED\u0130DE) EDEB\u0130YATININ OLU\u015eUM NEDENLER\u0130<\/b><\/span><\/p>\n<p><b>1-<\/b>Servet-i F\u00fcnun edebiyat\u0131, II. Abd\u00fclhamit&#8217;in bask\u0131c\u0131 d\u00f6neminde olu\u015fmu\u015f ve sona ermi\u015ftir, istibdat d\u00f6neminde, Tanzimat&#8217;\u0131n ve I. Me\u015frutiyet&#8217;in \u00f6zg\u00fcrl\u00fck ortam\u0131 yok olmu\u015ftur. Osmanl\u0131 \u0130mparatorlu\u011fu d\u0131\u015ftaki ba\u015far\u0131s\u0131zl\u0131klar\u0131n\u0131 \u00f6rtbas etmek i\u00e7in, i\u00e7teki \u00f6zg\u00fcrl\u00fckleri ortadan kald\u0131rm\u0131\u015f ve t\u00fcm ele\u015ftirileri yasaklam\u0131\u015ft\u0131r. G\u00fc\u00e7l\u00fc biri &#8220;Jurnal\u201d sistemi yarat\u0131larak, ayd\u0131nlar ve yurtseverler kontrol alt\u0131nda tutulmaya \u00e7al\u0131\u015f\u0131lm\u0131\u015ft\u0131r.<\/p>\n<p><b>2-<\/b>Bu bask\u0131c\u0131 ortam, Tanzimat Edebiyat\u0131 ile ba\u015flayan &#8220;toplum i\u00e7in sanat&#8221; anlay\u0131\u015f\u0131na a\u011f\u0131r bir darbe indirmi\u015f, sanat\u00e7\u0131lar\u0131 toplumsal sorunlar\u0131 i\u015flemekten uzakla\u015ft\u0131rm\u0131\u015f ve onlar\u0131\u00a0 \u2018\u2019sanat i\u00e7in sanat\u201d ilkesini benimsemeye zorunlu k\u0131lm\u0131\u015ft\u0131r.<\/p>\n<p>&#8230;&#8230;&#8230;&#8230;&#8230;..<\/p>\n<h2><strong><span style=\"color: #ff0000;\"><a href=\"http:\/\/www.xn--edebiyatgretmeni-twb.net\/portal\/wp-content\/uploads\/2012\/11\/Servet-i.zip\"><span style=\"color: #ff0000;\">Dosyan\u0131n Tamam\u0131n\u0131 \u0130ndirmek \u0130\u00e7in T\u0131klay\u0131n<\/span><\/a><\/span><\/strong><\/h2>\n","protected":false},"excerpt":{"rendered":"<p>Ekteki Dosyan\u0131n \u0130\u00e7eri\u011finden Bir K\u0131sm\u0131n\u0131n G\u00f6r\u00fcn\u00fcm\u00fc: Servet-i F\u00fcnun Edebiyat\u0131 Ders Notlar\u0131 (\u0130smail \u015eEKERO\u011eLU) SERVET-\u0130 F\u00dcNUN EDEB\u0130YATI (EDEB\u0130YAT-I CED\u0130DE) &#8211; (1896-1901) \u00a0\u015eifre: SHT HCM Okunu\u015fu: SaHTe [&#8230;]<\/p>\n","protected":false},"author":3,"featured_media":0,"comment_status":"open","ping_status":"open","sticky":false,"template":"","format":"standard","meta":{"footnotes":""},"categories":[40,4],"tags":[],"class_list":["post-614","post","type-post","status-publish","format-standard","hentry","category-begenilen-sayfalarimiz","category-edebiyat-konu-anlatimi"],"_links":{"self":[{"href":"https:\/\/www.xn--edebiyatgretmeni-twb.net\/portal\/wp-json\/wp\/v2\/posts\/614","targetHints":{"allow":["GET"]}}],"collection":[{"href":"https:\/\/www.xn--edebiyatgretmeni-twb.net\/portal\/wp-json\/wp\/v2\/posts"}],"about":[{"href":"https:\/\/www.xn--edebiyatgretmeni-twb.net\/portal\/wp-json\/wp\/v2\/types\/post"}],"author":[{"embeddable":true,"href":"https:\/\/www.xn--edebiyatgretmeni-twb.net\/portal\/wp-json\/wp\/v2\/users\/3"}],"replies":[{"embeddable":true,"href":"https:\/\/www.xn--edebiyatgretmeni-twb.net\/portal\/wp-json\/wp\/v2\/comments?post=614"}],"version-history":[{"count":0,"href":"https:\/\/www.xn--edebiyatgretmeni-twb.net\/portal\/wp-json\/wp\/v2\/posts\/614\/revisions"}],"wp:attachment":[{"href":"https:\/\/www.xn--edebiyatgretmeni-twb.net\/portal\/wp-json\/wp\/v2\/media?parent=614"}],"wp:term":[{"taxonomy":"category","embeddable":true,"href":"https:\/\/www.xn--edebiyatgretmeni-twb.net\/portal\/wp-json\/wp\/v2\/categories?post=614"},{"taxonomy":"post_tag","embeddable":true,"href":"https:\/\/www.xn--edebiyatgretmeni-twb.net\/portal\/wp-json\/wp\/v2\/tags?post=614"}],"curies":[{"name":"wp","href":"https:\/\/api.w.org\/{rel}","templated":true}]}}